{"id":10501,"date":"2021-11-02T16:51:58","date_gmt":"2021-11-02T16:51:58","guid":{"rendered":"http:\/\/staging.ibermusicas.org\/?p=10501"},"modified":"2021-12-03T19:13:37","modified_gmt":"2021-12-03T19:13:37","slug":"comienza-el-festival-expresiones-contemporaneas-de-mexico","status":"publish","type":"post","link":"http:\/\/staging.ibermusicas.org\/index.php\/comienza-el-festival-expresiones-contemporaneas-de-mexico\/","title":{"rendered":"Comienza el Festival Expresiones Contempor\u00e1neas de M\u00e9xico"},"content":{"rendered":"<p>El Festival Expresiones Contempor\u00e1neas es un foro de m\u00fasica de concierto contempor\u00e1nea, creaci\u00f3n sonoro e interdisciplina del siglo XXI organizado en las ciudades de Puebla, Xalapa, CDMX, Morelia, Monterrey y Chihuahua por el Colectivo Expresiones Contempor\u00e1neas (CEC) integrado por compositores e int\u00e9rpretes provenientes de diferentes instituciones de m\u00fasica, creaci\u00f3n sonora y arte del pa\u00eds.<\/p>\n<p>El Festival divulga y difunde nuevas propuestas en el \u00e1mbito de la creaci\u00f3n, interpretaci\u00f3n e investigaci\u00f3n musical sonora e interdisciplinaria, de artistas y acad\u00e9micos profesionales con formaci\u00f3n y trayectoria diversa a trav\u00e9s de la presentaci\u00f3n de distintas actividades como conciertos, conferencias, talleres, clases magistrales, etc.<\/p>\n<p>El Festival Expresiones Contempor\u00e1neas es el primer festival en su tipo realizado a nivel nacional en M\u00e9xico con proyecci\u00f3n internacional. Cuenta con la plataforma Anachrony, un espacio educativo transdisciplinario y entorno virtual de aprendizaje en el cual se realizan diplomados, cursos, talleres, clases magistrales, adem\u00e1s de la gesti\u00f3n, difusi\u00f3n y producci\u00f3n art\u00edstica. Asimismo, el colectivo trabaja en la revista de Arte, Interdisciplina y Sonido ARIS del festival, especializada en la difusi\u00f3n y divulgaci\u00f3n de art\u00edculos, conferencias, entrevistas, charlas, conversatorios y podcast.<\/p>\n","protected":false},"excerpt":{"rendered":"<p>El Festival Expresiones Contempor\u00e1neas es un foro de m\u00fasica de concierto contempor\u00e1nea, creaci\u00f3n sonoro e interdisciplina del siglo XXI organizado en las ciudades de Puebla, Xalapa, CDMX, Morelia, Monterrey y Chihuahua por el Colectivo Expresiones Contempor\u00e1neas (CEC) integrado por compositores e int\u00e9rpretes provenientes de diferentes instituciones de m\u00fasica, creaci\u00f3n sonora y arte del pa\u00eds. El [&hellip;]<\/p>\n","protected":false},"author":1,"featured_media":10502,"comment_status":"closed","ping_status":"closed","sticky":false,"template":"","format":"standard","meta":{"footnotes":""},"categories":[53],"tags":[],"class_list":["post-10501","post","type-post","status-publish","format-standard","has-post-thumbnail","hentry","category-noticias-generales"],"lang":"es","translations":{"es":10501,"pt":10504},"pll_sync_post":[],"post_mailing_queue_ids":[],"_links":{"self":[{"href":"http:\/\/staging.ibermusicas.org\/index.php\/wp-json\/wp\/v2\/posts\/10501","targetHints":{"allow":["GET"]}}],"collection":[{"href":"http:\/\/staging.ibermusicas.org\/index.php\/wp-json\/wp\/v2\/posts"}],"about":[{"href":"http:\/\/staging.ibermusicas.org\/index.php\/wp-json\/wp\/v2\/types\/post"}],"author":[{"embeddable":true,"href":"http:\/\/staging.ibermusicas.org\/index.php\/wp-json\/wp\/v2\/users\/1"}],"replies":[{"embeddable":true,"href":"http:\/\/staging.ibermusicas.org\/index.php\/wp-json\/wp\/v2\/comments?post=10501"}],"version-history":[{"count":1,"href":"http:\/\/staging.ibermusicas.org\/index.php\/wp-json\/wp\/v2\/posts\/10501\/revisions"}],"predecessor-version":[{"id":10503,"href":"http:\/\/staging.ibermusicas.org\/index.php\/wp-json\/wp\/v2\/posts\/10501\/revisions\/10503"}],"wp:featuredmedia":[{"embeddable":true,"href":"http:\/\/staging.ibermusicas.org\/index.php\/wp-json\/wp\/v2\/media\/10502"}],"wp:attachment":[{"href":"http:\/\/staging.ibermusicas.org\/index.php\/wp-json\/wp\/v2\/media?parent=10501"}],"wp:term":[{"taxonomy":"category","embeddable":true,"href":"http:\/\/staging.ibermusicas.org\/index.php\/wp-json\/wp\/v2\/categories?post=10501"},{"taxonomy":"post_tag","embeddable":true,"href":"http:\/\/staging.ibermusicas.org\/index.php\/wp-json\/wp\/v2\/tags?post=10501"}],"curies":[{"name":"wp","href":"https:\/\/api.w.org\/{rel}","templated":true}]}}