{"id":10504,"date":"2021-11-02T16:53:18","date_gmt":"2021-11-02T16:53:18","guid":{"rendered":"http:\/\/staging.ibermusicas.org\/?p=10504"},"modified":"2021-12-03T19:17:39","modified_gmt":"2021-12-03T19:17:39","slug":"comeca-o-festival-expressoes-contemporaneas-do-mexico","status":"publish","type":"post","link":"http:\/\/staging.ibermusicas.org\/index.php\/comeca-o-festival-expressoes-contemporaneas-do-mexico\/","title":{"rendered":"Come\u00e7a o Festival Express\u00f5es Contempor\u00e2neas do M\u00e9xico"},"content":{"rendered":"<p>O Festival Express\u00f5es Contempor\u00e2neas \u00e9 um f\u00f3rum de m\u00fasica de concerto contempor\u00e2nea, cria\u00e7\u00e3o sonora e interdisciplina do s\u00e9culo XXI organizado nas cidades de Puebla, Xalapa, CDMX, Morelia, Monterrey e Chihuahua pelo Coletivo Express\u00f5es Contempor\u00e2neas (CEC) composto por compositores e int\u00e9rpretes provenientes de diferentes institui\u00e7\u00f5es de m\u00fasica, cria\u00e7\u00e3o sonora e arte do pa\u00eds.<\/p>\n<p>O Festival divulga e difunde novas propostas no \u00e2mbito da cria\u00e7\u00e3o, interpreta\u00e7\u00e3o e investiga\u00e7\u00e3o musical sonora e interdisciplinar, de artistas e acad\u00eamicos profissionais com forma\u00e7\u00e3o e trajet\u00f3ria diversificada atrav\u00e9s da apresenta\u00e7\u00e3o de diversas atividades como concertos, confer\u00eancias, oficinas, aulas magistrais, etc.<\/p>\n<p>O Festival Express\u00f5es Contempor\u00e2neas \u00e9 o primeiro festival em seu tipo realizado em n\u00edvel nacional no M\u00e9xico com proje\u00e7\u00e3o internacional. Conta com a plataforma Anachrony, um espa\u00e7o educativo transdisciplinar e ambiente virtual de aprendizagem no qual se realizam diplomados, cursos, oficinas, aulas magistrais, al\u00e9m da gest\u00e3o, difus\u00e3o e produ\u00e7\u00e3o art\u00edstica. Al\u00e9m disso, o coletivo trabalha na revista de Arte, Interdisciplina e Som ARIS do festival, especializada na difus\u00e3o e divulga\u00e7\u00e3o de artigos, confer\u00eancias, entrevistas, palestras, conversat\u00f3rios e podcasts.<\/p>\n","protected":false},"excerpt":{"rendered":"<p>O Festival Express\u00f5es Contempor\u00e2neas \u00e9 um f\u00f3rum de m\u00fasica de concerto contempor\u00e2nea, cria\u00e7\u00e3o sonora e interdisciplina do s\u00e9culo XXI organizado nas cidades de Puebla, Xalapa, CDMX, Morelia, Monterrey e Chihuahua pelo Coletivo Express\u00f5es Contempor\u00e2neas (CEC) composto por compositores e int\u00e9rpretes provenientes de diferentes institui\u00e7\u00f5es de m\u00fasica, cria\u00e7\u00e3o sonora e arte do pa\u00eds. O Festival divulga [&hellip;]<\/p>\n","protected":false},"author":1,"featured_media":10502,"comment_status":"closed","ping_status":"closed","sticky":false,"template":"","format":"standard","meta":{"footnotes":""},"categories":[218],"tags":[],"class_list":["post-10504","post","type-post","status-publish","format-standard","has-post-thumbnail","hentry","category-noticias-generales-pt"],"lang":"pt","translations":{"pt":10504,"es":10501},"pll_sync_post":[],"post_mailing_queue_ids":[],"_links":{"self":[{"href":"http:\/\/staging.ibermusicas.org\/index.php\/wp-json\/wp\/v2\/posts\/10504","targetHints":{"allow":["GET"]}}],"collection":[{"href":"http:\/\/staging.ibermusicas.org\/index.php\/wp-json\/wp\/v2\/posts"}],"about":[{"href":"http:\/\/staging.ibermusicas.org\/index.php\/wp-json\/wp\/v2\/types\/post"}],"author":[{"embeddable":true,"href":"http:\/\/staging.ibermusicas.org\/index.php\/wp-json\/wp\/v2\/users\/1"}],"replies":[{"embeddable":true,"href":"http:\/\/staging.ibermusicas.org\/index.php\/wp-json\/wp\/v2\/comments?post=10504"}],"version-history":[{"count":1,"href":"http:\/\/staging.ibermusicas.org\/index.php\/wp-json\/wp\/v2\/posts\/10504\/revisions"}],"predecessor-version":[{"id":10505,"href":"http:\/\/staging.ibermusicas.org\/index.php\/wp-json\/wp\/v2\/posts\/10504\/revisions\/10505"}],"wp:featuredmedia":[{"embeddable":true,"href":"http:\/\/staging.ibermusicas.org\/index.php\/wp-json\/wp\/v2\/media\/10502"}],"wp:attachment":[{"href":"http:\/\/staging.ibermusicas.org\/index.php\/wp-json\/wp\/v2\/media?parent=10504"}],"wp:term":[{"taxonomy":"category","embeddable":true,"href":"http:\/\/staging.ibermusicas.org\/index.php\/wp-json\/wp\/v2\/categories?post=10504"},{"taxonomy":"post_tag","embeddable":true,"href":"http:\/\/staging.ibermusicas.org\/index.php\/wp-json\/wp\/v2\/tags?post=10504"}],"curies":[{"name":"wp","href":"https:\/\/api.w.org\/{rel}","templated":true}]}}