{"id":10506,"date":"2021-11-02T16:54:32","date_gmt":"2021-11-02T16:54:32","guid":{"rendered":"http:\/\/staging.ibermusicas.org\/?p=10506"},"modified":"2021-11-02T16:54:32","modified_gmt":"2021-11-02T16:54:32","slug":"sencilla-es-mi-canoa-como-mis-afectos-8-estudios-sobre-la-chacarera-es-el-nombre-del-nuevo-trabajo-del-musico-argentino-san-ignacio","status":"publish","type":"post","link":"http:\/\/staging.ibermusicas.org\/index.php\/sencilla-es-mi-canoa-como-mis-afectos-8-estudios-sobre-la-chacarera-es-el-nombre-del-nuevo-trabajo-del-musico-argentino-san-ignacio\/","title":{"rendered":"\u201cSencilla es mi canoa como mis afectos &#8211; 8 estudios sobre la chacarera\u201d, es el nombre del nuevo trabajo del m\u00fasico argentino San Ignacio"},"content":{"rendered":"<p>El viernes 3 de diciembre se lanza un nuevo disco de San Ignacio. Se trata de una urdimbre de artistas, paisajes y sonidos que indagan po\u00e9ticamente en los ritmos ternarios de nuestro folclore a trav\u00e9s de la electr\u00f3nica. Un trabajo de m\u00fasica electr\u00f3nica que respeta la intenci\u00f3n y la estructura de la danza, investigando c\u00f3mo modificar los instrumentos, su velocidad, sus armon\u00edas, sus yeites\u2026 un ejercicio de reapropiaci\u00f3n que encuentra nuevas formas que integran tradici\u00f3n, ritmo, palabras, texturas, naturaleza, ciudad.<\/p>\n<p>Como en un fog\u00f3n, el disco se compone de sonoridades y narrativas diversas, evocaciones de lugares lejanos y colaboraciones de una veintena de artistas amigues, como Barda, Lauphan, Xanducero (Uruguay), y Rooi, entre otros.<\/p>\n<p>Tal vez una de las presencias m\u00e1s fuertes sea la del reconocido productor Chancha V\u00eda Circuito que participa en \u201cEl Tiempo de las Cosas que Frenan\u201d, un paisaje sonoro que le suma texturas y atm\u00f3sferas a armon\u00edas claramente tradicionales. El \u00e1lbum cuenta adem\u00e1s con las voces y grabaciones variadas de Tatiana Cuoco, Diana Kerit (Ecuador), Lulo Adano y Simur Txt, y sobre el final, Morita Vargas y Pol Nada aportan recursos corales y palabras simples, dejando en claro que la b\u00fasqueda de la m\u00fasica popular est\u00e1 siempre anclada a emociones y paisajes comunes.<\/p>\n<p>El disco se compone de 8 tracks entrelazados, como los paisajes en la ruta, construyendo un mapa in\u00e9dito desde las ruinas de otros tiempos. Usando la electr\u00f3nica como canal para crear aquello que somos hoy, fragmentades, deslocalizades, reterritorializades y, \u00bfpor qu\u00e9 no? nuevos posibles entre la tierra, su historia, sus sonidos, el cemento, las luces de las ciudades, los r\u00edos, los vientos, el fuego y los amigos.<\/p>\n<p>San Ignacio es m\u00fasico y productor argentino que navega en la mezcla de g\u00e9neros, ritmos e imaginarios diversos, situados fundamentalmente en Am\u00e9rica Latina. Su trabajo consiste en una mezcla de g\u00e9neros, ritmos e imaginarios diversos, pero siempre arraigados en Am\u00e9rica Latina, y especialmente en Argentina. Ritmos de folklore, cumbia, sonido de charangos y sintetizadores suaves, fusionados con fragmentos de poes\u00eda contempor\u00e1nea y grabaciones de campo, que reflejan una b\u00fasqueda que sale de la ciudad al campo y de la m\u00fasica contempor\u00e1nea hacia las tradiciones. Sus shows en vivo combinan lo bailable de la m\u00fasica latinoamericana, con la calidez y la espacialidad de las texturas electr\u00f3nicas. La profundidad del charango y las armon\u00edas que fluyen de los teclados se acomodan entre las programaciones para inventar un viaje intenso y sutil.<\/p>\n<p>Viernes 5 de noviembre, adelanto v\u00eda Bandcamp<br \/>\nViernes 19 de noviembre, lanzamiento de \u00abEl tiempo de las cosas que frenan\u00bb (ft. Chancha V\u00eda Circuito)<br \/>\nViernes 3 de diciembre, lanzamiento del disco completo<\/p>\n","protected":false},"excerpt":{"rendered":"<p>El viernes 3 de diciembre se lanza un nuevo disco de San Ignacio. Se trata de una urdimbre de artistas, paisajes y sonidos que indagan po\u00e9ticamente en los ritmos ternarios de nuestro folclore a trav\u00e9s de la electr\u00f3nica. Un trabajo de m\u00fasica electr\u00f3nica que respeta la intenci\u00f3n y la estructura de la danza, investigando c\u00f3mo [&hellip;]<\/p>\n","protected":false},"author":1,"featured_media":10507,"comment_status":"closed","ping_status":"closed","sticky":false,"template":"","format":"standard","meta":{"footnotes":""},"categories":[53],"tags":[],"class_list":["post-10506","post","type-post","status-publish","format-standard","has-post-thumbnail","hentry","category-noticias-generales"],"lang":"es","translations":{"es":10506,"pt":10509},"pll_sync_post":[],"post_mailing_queue_ids":[],"_links":{"self":[{"href":"http:\/\/staging.ibermusicas.org\/index.php\/wp-json\/wp\/v2\/posts\/10506","targetHints":{"allow":["GET"]}}],"collection":[{"href":"http:\/\/staging.ibermusicas.org\/index.php\/wp-json\/wp\/v2\/posts"}],"about":[{"href":"http:\/\/staging.ibermusicas.org\/index.php\/wp-json\/wp\/v2\/types\/post"}],"author":[{"embeddable":true,"href":"http:\/\/staging.ibermusicas.org\/index.php\/wp-json\/wp\/v2\/users\/1"}],"replies":[{"embeddable":true,"href":"http:\/\/staging.ibermusicas.org\/index.php\/wp-json\/wp\/v2\/comments?post=10506"}],"version-history":[{"count":1,"href":"http:\/\/staging.ibermusicas.org\/index.php\/wp-json\/wp\/v2\/posts\/10506\/revisions"}],"predecessor-version":[{"id":10508,"href":"http:\/\/staging.ibermusicas.org\/index.php\/wp-json\/wp\/v2\/posts\/10506\/revisions\/10508"}],"wp:featuredmedia":[{"embeddable":true,"href":"http:\/\/staging.ibermusicas.org\/index.php\/wp-json\/wp\/v2\/media\/10507"}],"wp:attachment":[{"href":"http:\/\/staging.ibermusicas.org\/index.php\/wp-json\/wp\/v2\/media?parent=10506"}],"wp:term":[{"taxonomy":"category","embeddable":true,"href":"http:\/\/staging.ibermusicas.org\/index.php\/wp-json\/wp\/v2\/categories?post=10506"},{"taxonomy":"post_tag","embeddable":true,"href":"http:\/\/staging.ibermusicas.org\/index.php\/wp-json\/wp\/v2\/tags?post=10506"}],"curies":[{"name":"wp","href":"https:\/\/api.w.org\/{rel}","templated":true}]}}