{"id":10509,"date":"2021-11-02T16:55:35","date_gmt":"2021-11-02T16:55:35","guid":{"rendered":"http:\/\/staging.ibermusicas.org\/?p=10509"},"modified":"2021-11-02T16:55:35","modified_gmt":"2021-11-02T16:55:35","slug":"sencilla-es-mi-canoa-como-mis-afectos-8-estudos-sobre-a-chacarera-e-o-nome-do-novo-trabalho-do-musico-argentino-san-ignacio","status":"publish","type":"post","link":"http:\/\/staging.ibermusicas.org\/index.php\/sencilla-es-mi-canoa-como-mis-afectos-8-estudos-sobre-a-chacarera-e-o-nome-do-novo-trabalho-do-musico-argentino-san-ignacio\/","title":{"rendered":"\u201cSencilla es mi canoa como mis afectos &#8211; 8 estudos sobre a chacarera\u00bb, \u00e9 o nome do novo trabalho do m\u00fasico argentino San Ignacio"},"content":{"rendered":"<p>Na sexta-feira 3 de dezembro \u00e9 lan\u00e7ado um novo disco de San Ignacio. Trata-se de uma teia de artistas, paisagens e sons que indagam poeticamente nos ritmos tern\u00e1rios do folclore sulamericano atrav\u00e9s da eletr\u00f4nica. Um trabalho de m\u00fasica eletr\u00f4nica que respeita a inten\u00e7\u00e3o e a estrutura da dan\u00e7a, investigando como modificar os instrumentos, sua velocidade, suas harmonias, suas gemas&#8230; um exerc\u00edcio de reapropria\u00e7\u00e3o que encontra novas formas que integram tradi\u00e7\u00e3o, ritmo, palavras, texturas, natureza, cidade.<\/p>\n<p>Como em um fog\u00e3o, o disco se comp\u00f5e de sonoridades e narrativas diversas, evoca\u00e7\u00f5es de lugares long\u00ednquos e colabora\u00e7\u00f5es de uma vintena de artistas amigues, como Barda, Lauphan, Xanducero (Uruguai), e Rooi, entre outros.<\/p>\n<p>Talvez uma das presen\u00e7as mais fortes seja a do reconhecido produtor Chancha Via Circuito que participa em \u00abO Tempo das Coisas que Frenam\u00bb, uma paisagem sonora que soma texturas e atmosferas a harmonias claramente tradicionais. O \u00e1lbum conta ainda com as vozes e grava\u00e7\u00f5es variadas de Tatiana Cuoco, Diana Kerit (Equador), Lulo Adano e Simur Txt, e sobre o final, Morita Vargas e Pol Nada proporcionam recursos corais e palavras simples, deixando claro que a busca da m\u00fasica popular est\u00e1 sempre ancorada a emo\u00e7\u00f5es e paisagens comuns.<\/p>\n<p>O disco \u00e9 composto de 8 faixas entrela\u00e7adas, como as paisagens na rota, construindo um mapa in\u00e9dito das ru\u00ednas de outros tempos. Usando a eletr\u00f4nica como canal para criar aquilo que somos hoje, fragmentadas, deslocalizadas, reterritorializades e, por que n\u00e3o? novos poss\u00edveis entre a terra, sua hist\u00f3ria, seus sons, o cimento, as luzes das cidades, os rios, os ventos, o fogo e os amigos.<\/p>\n<p>San Ignacio \u00e9 m\u00fasico e produtor argentino que navega na mistura de g\u00eaneros, ritmos e imagin\u00e1rios diversos, situados fundamentalmente na Am\u00e9rica Latina. Seu trabalho consiste em uma mistura de g\u00eaneros, ritmos e imagin\u00e1rios diversos, mas sempre arraigados na Am\u00e9rica Latina, e especialmente na Argentina. Ritmos de folclore, cumbia, som de charangos e sintetizadores suaves, fundidos com fragmentos de poesia contempor\u00e2nea e grava\u00e7\u00f5es de campo, que refletem uma busca que sai da cidade para o campo e da m\u00fasica contempor\u00e2nea para as tradi\u00e7\u00f5es. Seus shows ao vivo combinam o dan\u00e7avel da m\u00fasica latino-americana, com a calidez e a espacialidade das texturas eletr\u00f4nicas. A profundidade do charango e as harmonias que fluem dos teclados se acomodam entre as programa\u00e7\u00f5es para inventar uma viagem intensa e sutil.<\/p>\n<p>Sexta-feira 5 de novembro, adiantamento via Bandcamp<br \/>\nSexta-feira 19 de novembro, lan\u00e7amento de \u00abO tempo das coisas que fream\u00bb (ft. Chancha Via Circuito)<br \/>\nSexta-feira, 3 de dezembro, lan\u00e7amento do disco completo<\/p>\n","protected":false},"excerpt":{"rendered":"<p>Na sexta-feira 3 de dezembro \u00e9 lan\u00e7ado um novo disco de San Ignacio. Trata-se de uma teia de artistas, paisagens e sons que indagam poeticamente nos ritmos tern\u00e1rios do folclore sulamericano atrav\u00e9s da eletr\u00f4nica. Um trabalho de m\u00fasica eletr\u00f4nica que respeita a inten\u00e7\u00e3o e a estrutura da dan\u00e7a, investigando como modificar os instrumentos, sua velocidade, [&hellip;]<\/p>\n","protected":false},"author":1,"featured_media":10507,"comment_status":"closed","ping_status":"closed","sticky":false,"template":"","format":"standard","meta":{"footnotes":""},"categories":[218],"tags":[],"class_list":["post-10509","post","type-post","status-publish","format-standard","has-post-thumbnail","hentry","category-noticias-generales-pt"],"lang":"pt","translations":{"pt":10509,"es":10506},"pll_sync_post":[],"post_mailing_queue_ids":[],"_links":{"self":[{"href":"http:\/\/staging.ibermusicas.org\/index.php\/wp-json\/wp\/v2\/posts\/10509","targetHints":{"allow":["GET"]}}],"collection":[{"href":"http:\/\/staging.ibermusicas.org\/index.php\/wp-json\/wp\/v2\/posts"}],"about":[{"href":"http:\/\/staging.ibermusicas.org\/index.php\/wp-json\/wp\/v2\/types\/post"}],"author":[{"embeddable":true,"href":"http:\/\/staging.ibermusicas.org\/index.php\/wp-json\/wp\/v2\/users\/1"}],"replies":[{"embeddable":true,"href":"http:\/\/staging.ibermusicas.org\/index.php\/wp-json\/wp\/v2\/comments?post=10509"}],"version-history":[{"count":2,"href":"http:\/\/staging.ibermusicas.org\/index.php\/wp-json\/wp\/v2\/posts\/10509\/revisions"}],"predecessor-version":[{"id":10511,"href":"http:\/\/staging.ibermusicas.org\/index.php\/wp-json\/wp\/v2\/posts\/10509\/revisions\/10511"}],"wp:featuredmedia":[{"embeddable":true,"href":"http:\/\/staging.ibermusicas.org\/index.php\/wp-json\/wp\/v2\/media\/10507"}],"wp:attachment":[{"href":"http:\/\/staging.ibermusicas.org\/index.php\/wp-json\/wp\/v2\/media?parent=10509"}],"wp:term":[{"taxonomy":"category","embeddable":true,"href":"http:\/\/staging.ibermusicas.org\/index.php\/wp-json\/wp\/v2\/categories?post=10509"},{"taxonomy":"post_tag","embeddable":true,"href":"http:\/\/staging.ibermusicas.org\/index.php\/wp-json\/wp\/v2\/tags?post=10509"}],"curies":[{"name":"wp","href":"https:\/\/api.w.org\/{rel}","templated":true}]}}