{"id":10512,"date":"2021-11-02T16:56:56","date_gmt":"2021-11-02T16:56:56","guid":{"rendered":"http:\/\/staging.ibermusicas.org\/?p=10512"},"modified":"2021-12-03T19:13:30","modified_gmt":"2021-12-03T19:13:30","slug":"desde-uruguay-se-realizara-el-ciclo-de-conciertos-y-conferencias-musica-para-clave-en-latinoamerica","status":"publish","type":"post","link":"http:\/\/staging.ibermusicas.org\/index.php\/desde-uruguay-se-realizara-el-ciclo-de-conciertos-y-conferencias-musica-para-clave-en-latinoamerica\/","title":{"rendered":"Desde Uruguay se realizar\u00e1 el ciclo de conciertos y conferencias \u00abM\u00fasica para clave en Latinoam\u00e9rica\u201d"},"content":{"rendered":"<p>Con conciertos filmados y entrevistas v\u00eda Zoom, el viaje comienza en las misiones jesu\u00edticas de Chiquitos (Bolivia), donde la m\u00fasica para teclado acompa\u00f1aba no solamente los servicios religiosos sino tambi\u00e9n los diferentes momentos de la vida cotidiana, la educaci\u00f3n, el trabajo, las fiestas\u2026<\/p>\n<p>Ya en el siglo XIX, compartiendo la escena con el piano, el clave amenizaba las tertulias. El ciclo ofrecer\u00e1 m\u00fasicas muy raramente tocadas, tanto de inspiraci\u00f3n europea como americana, que sonaban en los salones rioplatenses, brasileros, bolivianos, guatemaltecos, chilenos\u2026 Para finalizar, se presentar\u00e1 m\u00fasica de los siglos XX y XXI, incluyendo una obra compuesta especialmente para la ocasi\u00f3n.<\/p>\n<p>El ciclo \u201cM\u00fasica para clave en Latinoam\u00e9rica\u201d tiene por objetivo acercar a la audiencia &#8211; regional y mundial &#8211; una enorme porci\u00f3n de nuestro valios\u00edsimo patrimonio musical.<\/p>\n<p>S\u00e1bado 6 de noviembre<br \/>\n18hs.: Entrevista-Conferencia (con participaci\u00f3n del p\u00fablico) \u201cClavecines, clavicordios, espinetas y virginales: estilos de construcci\u00f3n, decoraci\u00f3n y repertorios\u201d, a cargo de la luthier Marianne Lilian P\u00e9rez Robledo<br \/>\n19hs.: Concierto \u201cSonidos de la Colonia y de la Rep\u00fablica\u201d, recital de clave de Ana Paula Segurola<\/p>\n<p>Domingo 7 de noviembre<br \/>\n18hs.: Concierto \u201cRitmos del R\u00edo de la Plata\u201d, a cargo del d\u00fao Dearmas (Laura y Nives Dearmas)<br \/>\n19hs.: Entrevista al compositor, director y guitarrista uruguayo Sergio Fern\u00e1ndez Cabrera, a cargo de Nives Dearmas y con participaci\u00f3n del p\u00fablico<br \/>\n20hs.: Concierto de Marcos Dalmacio y Guilherme Amaral, d\u00fao de guitarra y clave, con obras de Manuel Ponce, Abel Carlevaro y Jaime Zenamon. En este concierto se estrenar\u00e1 una obra encomendada especialmente para la ocasi\u00f3n al compositor boliviano-brasilero Jaime Zenamon.<\/p>\n<p>Todos los contenidos ser\u00e1n transmitidos por el canal de YouTube clavecinistas sudamericanos.<\/p>\n","protected":false},"excerpt":{"rendered":"<p>Con conciertos filmados y entrevistas v\u00eda Zoom, el viaje comienza en las misiones jesu\u00edticas de Chiquitos (Bolivia), donde la m\u00fasica para teclado acompa\u00f1aba no solamente los servicios religiosos sino tambi\u00e9n los diferentes momentos de la vida cotidiana, la educaci\u00f3n, el trabajo, las fiestas\u2026 Ya en el siglo XIX, compartiendo la escena con el piano, el [&hellip;]<\/p>\n","protected":false},"author":1,"featured_media":10513,"comment_status":"closed","ping_status":"closed","sticky":false,"template":"","format":"standard","meta":{"footnotes":""},"categories":[53],"tags":[],"class_list":["post-10512","post","type-post","status-publish","format-standard","has-post-thumbnail","hentry","category-noticias-generales"],"lang":"es","translations":{"es":10512,"pt":10515},"pll_sync_post":[],"post_mailing_queue_ids":[],"_links":{"self":[{"href":"http:\/\/staging.ibermusicas.org\/index.php\/wp-json\/wp\/v2\/posts\/10512","targetHints":{"allow":["GET"]}}],"collection":[{"href":"http:\/\/staging.ibermusicas.org\/index.php\/wp-json\/wp\/v2\/posts"}],"about":[{"href":"http:\/\/staging.ibermusicas.org\/index.php\/wp-json\/wp\/v2\/types\/post"}],"author":[{"embeddable":true,"href":"http:\/\/staging.ibermusicas.org\/index.php\/wp-json\/wp\/v2\/users\/1"}],"replies":[{"embeddable":true,"href":"http:\/\/staging.ibermusicas.org\/index.php\/wp-json\/wp\/v2\/comments?post=10512"}],"version-history":[{"count":1,"href":"http:\/\/staging.ibermusicas.org\/index.php\/wp-json\/wp\/v2\/posts\/10512\/revisions"}],"predecessor-version":[{"id":10514,"href":"http:\/\/staging.ibermusicas.org\/index.php\/wp-json\/wp\/v2\/posts\/10512\/revisions\/10514"}],"wp:featuredmedia":[{"embeddable":true,"href":"http:\/\/staging.ibermusicas.org\/index.php\/wp-json\/wp\/v2\/media\/10513"}],"wp:attachment":[{"href":"http:\/\/staging.ibermusicas.org\/index.php\/wp-json\/wp\/v2\/media?parent=10512"}],"wp:term":[{"taxonomy":"category","embeddable":true,"href":"http:\/\/staging.ibermusicas.org\/index.php\/wp-json\/wp\/v2\/categories?post=10512"},{"taxonomy":"post_tag","embeddable":true,"href":"http:\/\/staging.ibermusicas.org\/index.php\/wp-json\/wp\/v2\/tags?post=10512"}],"curies":[{"name":"wp","href":"https:\/\/api.w.org\/{rel}","templated":true}]}}