{"id":10515,"date":"2021-11-02T16:58:19","date_gmt":"2021-11-02T16:58:19","guid":{"rendered":"http:\/\/staging.ibermusicas.org\/?p=10515"},"modified":"2021-12-03T19:17:33","modified_gmt":"2021-12-03T19:17:33","slug":"do-uruguai-sera-realizado-o-ciclo-de-concertos-e-conferencias-musica-para-cravo-na-america-latina","status":"publish","type":"post","link":"http:\/\/staging.ibermusicas.org\/index.php\/do-uruguai-sera-realizado-o-ciclo-de-concertos-e-conferencias-musica-para-cravo-na-america-latina\/","title":{"rendered":"Do Uruguai ser\u00e1 realizado o ciclo de concertos e confer\u00eancias \u00abM\u00fasica para cravo na Am\u00e9rica Latina\u00bb"},"content":{"rendered":"<p>Com concertos filmados e entrevistas via Zoom, a viagem come\u00e7a nas miss\u00f5es jesu\u00edticas de Chiquitos (Bol\u00edvia), onde a m\u00fasica para teclado acompanhava n\u00e3o s\u00f3 os servi\u00e7os religiosos mas tamb\u00e9m os diferentes momentos da vida cotidiana, a educa\u00e7\u00e3o, o trabalho, as festas&#8230;<\/p>\n<p>J\u00e1 no s\u00e9culo XIX, compartilhando a cena com o piano, o clavic\u00f3rdio animava as tert\u00falias. O ciclo oferecer\u00e1 m\u00fasicas muito raramente tocadas, tanto de inspira\u00e7\u00e3o europ\u00e9ia como americana, que soavam nos sal\u00f5es rioplatenses, brasileiros, bolivianos, guatemaltecos, chilenos&#8230; Para finalizar, ser\u00e1 apresentada m\u00fasica dos s\u00e9culos XX e XXI, incluindo uma obra composta especialmente para a ocasi\u00e3o.<\/p>\n<p>O ciclo \u00abM\u00fasica para cravo na Am\u00e9rica Latina\u00bb tem por objetivo aproximar o p\u00fablico &#8211; regional e mundial &#8211; uma enorme por\u00e7\u00e3o do nosso inestim\u00e1vel patrim\u00f4nio musical.<\/p>\n<p>S\u00e1bado 6 de Novembro<br \/>\n18hs.: Entrevista-Confer\u00eancia (com a participa\u00e7\u00e3o do p\u00fablico) \u00abClavic\u00f3rdios, cravos, espinetas e virginais: estilos de constru\u00e7\u00e3o, decora\u00e7\u00e3o e repert\u00f3rios\u00bb, a cargo da luthier Marianne Lilian P\u00e9rez Robledo<br \/>\n19hs.: Concerto \u00abSons da Col\u00f4nia e da Rep\u00fablica\u00bb, recital de clavic\u00f3rdio de Ana Paula Segurola<\/p>\n<p>Domingo, 7 de Novembro de 2008<br \/>\n18hs.: Concerto \u00abRitmos del R\u00edo de la Plata\u00bb, a cargo do duo Dearmas (Laura e Nives Dearmas)<br \/>\n19hs.: Entrevista com o compositor, diretor e guitarrista uruguaio Sergio Fern\u00e1ndez Cabrera, a cargo de Nives Dearmas e com participa\u00e7\u00e3o do p\u00fablico<br \/>\n20hs.: Concerto de Marcos Dalmacio e Guilherme Amaral, duo de guitarra e clavic\u00f3rdio, com obras de Manuel Ponce, Abel Carlevaro e Jaime Zenamon. Neste concerto se estrear\u00e1 uma obra encomendada especialmente para a ocasi\u00e3o ao compositor boliviano-brasileiro Jaime Zenamon.<\/p>\n<p>Todos os conte\u00fados ser\u00e3o transmitidos pelo canal do YouTube clavecinistas sul-americanos.<\/p>\n","protected":false},"excerpt":{"rendered":"<p>Com concertos filmados e entrevistas via Zoom, a viagem come\u00e7a nas miss\u00f5es jesu\u00edticas de Chiquitos (Bol\u00edvia), onde a m\u00fasica para teclado acompanhava n\u00e3o s\u00f3 os servi\u00e7os religiosos mas tamb\u00e9m os diferentes momentos da vida cotidiana, a educa\u00e7\u00e3o, o trabalho, as festas&#8230; J\u00e1 no s\u00e9culo XIX, compartilhando a cena com o piano, o clavic\u00f3rdio animava as [&hellip;]<\/p>\n","protected":false},"author":1,"featured_media":10513,"comment_status":"closed","ping_status":"closed","sticky":false,"template":"","format":"standard","meta":{"footnotes":""},"categories":[218],"tags":[],"class_list":["post-10515","post","type-post","status-publish","format-standard","has-post-thumbnail","hentry","category-noticias-generales-pt"],"lang":"pt","translations":{"pt":10515,"es":10512},"pll_sync_post":[],"post_mailing_queue_ids":[],"_links":{"self":[{"href":"http:\/\/staging.ibermusicas.org\/index.php\/wp-json\/wp\/v2\/posts\/10515","targetHints":{"allow":["GET"]}}],"collection":[{"href":"http:\/\/staging.ibermusicas.org\/index.php\/wp-json\/wp\/v2\/posts"}],"about":[{"href":"http:\/\/staging.ibermusicas.org\/index.php\/wp-json\/wp\/v2\/types\/post"}],"author":[{"embeddable":true,"href":"http:\/\/staging.ibermusicas.org\/index.php\/wp-json\/wp\/v2\/users\/1"}],"replies":[{"embeddable":true,"href":"http:\/\/staging.ibermusicas.org\/index.php\/wp-json\/wp\/v2\/comments?post=10515"}],"version-history":[{"count":2,"href":"http:\/\/staging.ibermusicas.org\/index.php\/wp-json\/wp\/v2\/posts\/10515\/revisions"}],"predecessor-version":[{"id":10517,"href":"http:\/\/staging.ibermusicas.org\/index.php\/wp-json\/wp\/v2\/posts\/10515\/revisions\/10517"}],"wp:featuredmedia":[{"embeddable":true,"href":"http:\/\/staging.ibermusicas.org\/index.php\/wp-json\/wp\/v2\/media\/10513"}],"wp:attachment":[{"href":"http:\/\/staging.ibermusicas.org\/index.php\/wp-json\/wp\/v2\/media?parent=10515"}],"wp:term":[{"taxonomy":"category","embeddable":true,"href":"http:\/\/staging.ibermusicas.org\/index.php\/wp-json\/wp\/v2\/categories?post=10515"},{"taxonomy":"post_tag","embeddable":true,"href":"http:\/\/staging.ibermusicas.org\/index.php\/wp-json\/wp\/v2\/tags?post=10515"}],"curies":[{"name":"wp","href":"https:\/\/api.w.org\/{rel}","templated":true}]}}