{"id":10518,"date":"2021-11-02T16:59:03","date_gmt":"2021-11-02T16:59:03","guid":{"rendered":"http:\/\/staging.ibermusicas.org\/?p=10518"},"modified":"2021-12-03T19:13:23","modified_gmt":"2021-12-03T19:13:23","slug":"ya-se-puede-ver-y-escuchar-el-concierto-realizado-por-el-musico-argentino-gonzalo-aloras-en-el-museo-tamayo-de-mexico","status":"publish","type":"post","link":"http:\/\/staging.ibermusicas.org\/index.php\/ya-se-puede-ver-y-escuchar-el-concierto-realizado-por-el-musico-argentino-gonzalo-aloras-en-el-museo-tamayo-de-mexico\/","title":{"rendered":"Ya se puede ver y escuchar el concierto realizado por el m\u00fasico argentino Gonzalo Aloras en el museo Tamayo de M\u00e9xico"},"content":{"rendered":"<p>Gonzalo Aloras, se\u00f1alado en innumerables oportunidades por Luis Alberto Spinetta, Fito P\u00e1ez, Litto Nebbia, entre otros referentes de la m\u00fasica argentina, como el compositor continuador de la tradici\u00f3n estil\u00edstica nacional. Valorado y respetado en el mundo del rock nacional y latinoamericano, por su obra no solo como solista, sino en su rol de gestor cultural y productor independiente, apoyando con su trabajo y producciones a las nuevas generaciones de m\u00fasicos como a Juan Ingaramo, Francisca y los exploradores, Ud Se\u00f1alemelo, Bandalos Chinos, El Kuelgue, Intr\u00e9pidos Navegantes, Jamani, etc. Aloras ha tocado, grabado y producido junto a Charly Garc\u00eda, Spinetta, Litto Nebbia, Fito P\u00e1ez, Moura, Juanse, Lito Vitale, Rodolfo Garc\u00eda, Ricardo Soul\u00e9, Gustavo Cerati, Ricardo Mollo, Ciro Fogliata, Guillermo Vadal\u00e1, Javier Malosetti, Grace Cosceri, Claudio Cardone, Lito Vitale, y una interminable lista de m\u00fasicos.<\/p>\n<p>En este concierto \u00edntimo y ac\u00fastico Gonzalo Aloras presenta las canciones realizadas durante su residencia virtual. Se trata de una obra de 8 piezas originales, con elementos tradicionales de la canci\u00f3n popular latinoamericana.<\/p>\n<p>Ver en:\u00a0<a href=\"https:\/\/lt.mydplr.com\/441a64ec7b9cac89d6b00a6ccb53ac30-81868bec073b3970fa62af291f12b42d\" target=\"_blank\" rel=\"noopener\" data-saferedirecturl=\"https:\/\/www.google.com\/url?q=https:\/\/lt.mydplr.com\/441a64ec7b9cac89d6b00a6ccb53ac30-81868bec073b3970fa62af291f12b42d&amp;source=gmail&amp;ust=1635957758030000&amp;usg=AFQjCNG63wPINfFBoSFe8hTFWPQiPCNmuw\">youtube.com<\/a><\/p>\n","protected":false},"excerpt":{"rendered":"<p>Gonzalo Aloras, se\u00f1alado en innumerables oportunidades por Luis Alberto Spinetta, Fito P\u00e1ez, Litto Nebbia, entre otros referentes de la m\u00fasica argentina, como el compositor continuador de la tradici\u00f3n estil\u00edstica nacional. Valorado y respetado en el mundo del rock nacional y latinoamericano, por su obra no solo como solista, sino en su rol de gestor cultural [&hellip;]<\/p>\n","protected":false},"author":1,"featured_media":10519,"comment_status":"closed","ping_status":"closed","sticky":false,"template":"","format":"standard","meta":{"footnotes":""},"categories":[53],"tags":[],"class_list":["post-10518","post","type-post","status-publish","format-standard","has-post-thumbnail","hentry","category-noticias-generales"],"lang":"es","translations":{"es":10518,"pt":10521},"pll_sync_post":[],"post_mailing_queue_ids":[],"_links":{"self":[{"href":"http:\/\/staging.ibermusicas.org\/index.php\/wp-json\/wp\/v2\/posts\/10518","targetHints":{"allow":["GET"]}}],"collection":[{"href":"http:\/\/staging.ibermusicas.org\/index.php\/wp-json\/wp\/v2\/posts"}],"about":[{"href":"http:\/\/staging.ibermusicas.org\/index.php\/wp-json\/wp\/v2\/types\/post"}],"author":[{"embeddable":true,"href":"http:\/\/staging.ibermusicas.org\/index.php\/wp-json\/wp\/v2\/users\/1"}],"replies":[{"embeddable":true,"href":"http:\/\/staging.ibermusicas.org\/index.php\/wp-json\/wp\/v2\/comments?post=10518"}],"version-history":[{"count":1,"href":"http:\/\/staging.ibermusicas.org\/index.php\/wp-json\/wp\/v2\/posts\/10518\/revisions"}],"predecessor-version":[{"id":10520,"href":"http:\/\/staging.ibermusicas.org\/index.php\/wp-json\/wp\/v2\/posts\/10518\/revisions\/10520"}],"wp:featuredmedia":[{"embeddable":true,"href":"http:\/\/staging.ibermusicas.org\/index.php\/wp-json\/wp\/v2\/media\/10519"}],"wp:attachment":[{"href":"http:\/\/staging.ibermusicas.org\/index.php\/wp-json\/wp\/v2\/media?parent=10518"}],"wp:term":[{"taxonomy":"category","embeddable":true,"href":"http:\/\/staging.ibermusicas.org\/index.php\/wp-json\/wp\/v2\/categories?post=10518"},{"taxonomy":"post_tag","embeddable":true,"href":"http:\/\/staging.ibermusicas.org\/index.php\/wp-json\/wp\/v2\/tags?post=10518"}],"curies":[{"name":"wp","href":"https:\/\/api.w.org\/{rel}","templated":true}]}}