{"id":10521,"date":"2021-11-02T17:00:04","date_gmt":"2021-11-02T17:00:04","guid":{"rendered":"http:\/\/staging.ibermusicas.org\/?p=10521"},"modified":"2021-12-03T19:17:26","modified_gmt":"2021-12-03T19:17:26","slug":"ja-se-pode-ver-e-escutar-o-concerto-realizado-pelo-musico-argentino-gonzalo-aloras-no-museu-tamayo-do-mexico","status":"publish","type":"post","link":"http:\/\/staging.ibermusicas.org\/index.php\/ja-se-pode-ver-e-escutar-o-concerto-realizado-pelo-musico-argentino-gonzalo-aloras-no-museu-tamayo-do-mexico\/","title":{"rendered":"J\u00e1 se pode ver e escutar o concerto realizado pelo m\u00fasico argentino Gonzalo Aloras no museu Tamayo do M\u00e9xico"},"content":{"rendered":"<p>Gonzalo Aloras, apontado em in\u00fameras oportunidades por Luis Alberto Spinetta, Fito P\u00e1ez, Litto Nebbia, entre outros referentes da m\u00fasica argentina, como o compositor continuador da tradi\u00e7\u00e3o estil\u00edstica nacional. Valorizado e respeitado no mundo do rock nacional e latino-americano, por sua obra n\u00e3o s\u00f3 como solista, mas em seu papel de gestor cultural e produtor independente, apoiando com seu trabalho e produ\u00e7\u00f5es as novas gera\u00e7\u00f5es de m\u00fasicos como Juan Ingaramo, Francisca y los exploradores, Ud Se\u00f1alemelo, Bandalos Chinos, El Kuelgue, Intr\u00e9pidos Navegantes, Jamani, etc. Aloras tocou, tem gravado e produzido ao lado de Charly Garc\u00eda, Spinetta, Litto Nebbia, Fito P\u00e1ez, Moura, Juanse, Lito Vitale, Rodolfo Garc\u00eda, Ricardo Soul\u00e9, Gustavo Cerati, Ricardo Mollo, Ciro Fogliata, Guillermo Vadal\u00e1, Javier Malosetti, Grace Cosceri, Claudio Cardone, Lito Vitale, e uma intermin\u00e1vel lista de m\u00fasicos.<\/p>\n<p>Neste concerto \u00edntimo e ac\u00fastico Gonzalo Aloras apresenta as can\u00e7\u00f5es realizadas durante sua resid\u00eancia virtual. Trata-se de uma obra de 8 pe\u00e7as originais, com elementos tradicionais da can\u00e7\u00e3o popular latino-americana.<\/p>\n<p>Ver en:\u00a0<a href=\"https:\/\/lt.mydplr.com\/441a64ec7b9cac89d6b00a6ccb53ac30-81868bec073b3970fa62af291f12b42d\" target=\"_blank\" rel=\"noopener\" data-saferedirecturl=\"https:\/\/www.google.com\/url?q=https:\/\/lt.mydplr.com\/441a64ec7b9cac89d6b00a6ccb53ac30-81868bec073b3970fa62af291f12b42d&amp;source=gmail&amp;ust=1635957758030000&amp;usg=AFQjCNG63wPINfFBoSFe8hTFWPQiPCNmuw\">youtube.com<\/a><\/p>\n","protected":false},"excerpt":{"rendered":"<p>Gonzalo Aloras, apontado em in\u00fameras oportunidades por Luis Alberto Spinetta, Fito P\u00e1ez, Litto Nebbia, entre outros referentes da m\u00fasica argentina, como o compositor continuador da tradi\u00e7\u00e3o estil\u00edstica nacional. Valorizado e respeitado no mundo do rock nacional e latino-americano, por sua obra n\u00e3o s\u00f3 como solista, mas em seu papel de gestor cultural e produtor independente, [&hellip;]<\/p>\n","protected":false},"author":1,"featured_media":10519,"comment_status":"closed","ping_status":"closed","sticky":false,"template":"","format":"standard","meta":{"footnotes":""},"categories":[218],"tags":[],"class_list":["post-10521","post","type-post","status-publish","format-standard","has-post-thumbnail","hentry","category-noticias-generales-pt"],"lang":"pt","translations":{"pt":10521,"es":10518},"pll_sync_post":[],"post_mailing_queue_ids":[],"_links":{"self":[{"href":"http:\/\/staging.ibermusicas.org\/index.php\/wp-json\/wp\/v2\/posts\/10521","targetHints":{"allow":["GET"]}}],"collection":[{"href":"http:\/\/staging.ibermusicas.org\/index.php\/wp-json\/wp\/v2\/posts"}],"about":[{"href":"http:\/\/staging.ibermusicas.org\/index.php\/wp-json\/wp\/v2\/types\/post"}],"author":[{"embeddable":true,"href":"http:\/\/staging.ibermusicas.org\/index.php\/wp-json\/wp\/v2\/users\/1"}],"replies":[{"embeddable":true,"href":"http:\/\/staging.ibermusicas.org\/index.php\/wp-json\/wp\/v2\/comments?post=10521"}],"version-history":[{"count":1,"href":"http:\/\/staging.ibermusicas.org\/index.php\/wp-json\/wp\/v2\/posts\/10521\/revisions"}],"predecessor-version":[{"id":10522,"href":"http:\/\/staging.ibermusicas.org\/index.php\/wp-json\/wp\/v2\/posts\/10521\/revisions\/10522"}],"wp:featuredmedia":[{"embeddable":true,"href":"http:\/\/staging.ibermusicas.org\/index.php\/wp-json\/wp\/v2\/media\/10519"}],"wp:attachment":[{"href":"http:\/\/staging.ibermusicas.org\/index.php\/wp-json\/wp\/v2\/media?parent=10521"}],"wp:term":[{"taxonomy":"category","embeddable":true,"href":"http:\/\/staging.ibermusicas.org\/index.php\/wp-json\/wp\/v2\/categories?post=10521"},{"taxonomy":"post_tag","embeddable":true,"href":"http:\/\/staging.ibermusicas.org\/index.php\/wp-json\/wp\/v2\/tags?post=10521"}],"curies":[{"name":"wp","href":"https:\/\/api.w.org\/{rel}","templated":true}]}}