{"id":10523,"date":"2021-11-02T17:01:10","date_gmt":"2021-11-02T17:01:10","guid":{"rendered":"http:\/\/staging.ibermusicas.org\/?p=10523"},"modified":"2021-11-02T17:01:10","modified_gmt":"2021-11-02T17:01:10","slug":"caguamaconda-es-el-octavo-capitulo-de-proyecto-remolino-la-luna-naranja-que-llega-desde-cuba-para-sorprendernos-una-vez-mas","status":"publish","type":"post","link":"http:\/\/staging.ibermusicas.org\/index.php\/caguamaconda-es-el-octavo-capitulo-de-proyecto-remolino-la-luna-naranja-que-llega-desde-cuba-para-sorprendernos-una-vez-mas\/","title":{"rendered":"Caguamaconda es el octavo cap\u00edtulo de Proyecto Remolino \u2013 La Luna Naranja que llega desde Cuba para sorprendernos una vez m\u00e1s"},"content":{"rendered":"<p>Siguiendo con su trabajo de difusi\u00f3n de la obra de trovadores cubanos de distintas generaciones y de diversos rincones de la isla, el octavo cap\u00edtulo de Proyecto Remolino nos deslumbra con La Caguamaconda, el trabajo musical, po\u00e9tico y perform\u00e1tico de Oscar S\u00e1nchez. Su voz, su palabra, sus melod\u00edas, su guitarra, su tres cubano y su mar\u00edmbula se entremezclan en la creaci\u00f3n de una obra personal\u00edsima y sorprendente a la cual es menester acercarse para dejarse cautivar.<\/p>\n<p>Este cap\u00edtulo fue grabado en la Casona de La UNEAC, La Habana.<\/p>\n<p>Ver en:\u00a0<a href=\"https:\/\/lt.mydplr.com\/0c2a632639bf5f64a91177b9df9fdb3d-81868bec073b3970fa62af291f12b42d\" target=\"_blank\" rel=\"noopener\" data-saferedirecturl=\"https:\/\/www.google.com\/url?q=https:\/\/lt.mydplr.com\/0c2a632639bf5f64a91177b9df9fdb3d-81868bec073b3970fa62af291f12b42d&amp;source=gmail&amp;ust=1635957758030000&amp;usg=AFQjCNHLLUVHmtuKrep_YVd549lYvxu5gw\">youtube.com<\/a><\/p>\n","protected":false},"excerpt":{"rendered":"<p>Siguiendo con su trabajo de difusi\u00f3n de la obra de trovadores cubanos de distintas generaciones y de diversos rincones de la isla, el octavo cap\u00edtulo de Proyecto Remolino nos deslumbra con La Caguamaconda, el trabajo musical, po\u00e9tico y perform\u00e1tico de Oscar S\u00e1nchez. Su voz, su palabra, sus melod\u00edas, su guitarra, su tres cubano y su [&hellip;]<\/p>\n","protected":false},"author":1,"featured_media":10524,"comment_status":"closed","ping_status":"closed","sticky":false,"template":"","format":"standard","meta":{"footnotes":""},"categories":[53],"tags":[],"class_list":["post-10523","post","type-post","status-publish","format-standard","has-post-thumbnail","hentry","category-noticias-generales"],"lang":"es","translations":{"es":10523,"pt":10526},"pll_sync_post":[],"post_mailing_queue_ids":[],"_links":{"self":[{"href":"http:\/\/staging.ibermusicas.org\/index.php\/wp-json\/wp\/v2\/posts\/10523","targetHints":{"allow":["GET"]}}],"collection":[{"href":"http:\/\/staging.ibermusicas.org\/index.php\/wp-json\/wp\/v2\/posts"}],"about":[{"href":"http:\/\/staging.ibermusicas.org\/index.php\/wp-json\/wp\/v2\/types\/post"}],"author":[{"embeddable":true,"href":"http:\/\/staging.ibermusicas.org\/index.php\/wp-json\/wp\/v2\/users\/1"}],"replies":[{"embeddable":true,"href":"http:\/\/staging.ibermusicas.org\/index.php\/wp-json\/wp\/v2\/comments?post=10523"}],"version-history":[{"count":1,"href":"http:\/\/staging.ibermusicas.org\/index.php\/wp-json\/wp\/v2\/posts\/10523\/revisions"}],"predecessor-version":[{"id":10525,"href":"http:\/\/staging.ibermusicas.org\/index.php\/wp-json\/wp\/v2\/posts\/10523\/revisions\/10525"}],"wp:featuredmedia":[{"embeddable":true,"href":"http:\/\/staging.ibermusicas.org\/index.php\/wp-json\/wp\/v2\/media\/10524"}],"wp:attachment":[{"href":"http:\/\/staging.ibermusicas.org\/index.php\/wp-json\/wp\/v2\/media?parent=10523"}],"wp:term":[{"taxonomy":"category","embeddable":true,"href":"http:\/\/staging.ibermusicas.org\/index.php\/wp-json\/wp\/v2\/categories?post=10523"},{"taxonomy":"post_tag","embeddable":true,"href":"http:\/\/staging.ibermusicas.org\/index.php\/wp-json\/wp\/v2\/tags?post=10523"}],"curies":[{"name":"wp","href":"https:\/\/api.w.org\/{rel}","templated":true}]}}