{"id":10526,"date":"2021-11-02T17:02:24","date_gmt":"2021-11-02T17:02:24","guid":{"rendered":"http:\/\/staging.ibermusicas.org\/?p=10526"},"modified":"2021-11-02T17:02:24","modified_gmt":"2021-11-02T17:02:24","slug":"caguamaconda-e-o-oitavo-capitulo-do-projeto-redemoinho-a-lua-laranja-que-chega-de-cuba-para-nos-surpreender-mais-uma-vez","status":"publish","type":"post","link":"http:\/\/staging.ibermusicas.org\/index.php\/caguamaconda-e-o-oitavo-capitulo-do-projeto-redemoinho-a-lua-laranja-que-chega-de-cuba-para-nos-surpreender-mais-uma-vez\/","title":{"rendered":"Caguamaconda \u00e9 o oitavo cap\u00edtulo do Projeto Redemoinho &#8211; A Lua Laranja que chega de Cuba para nos surpreender mais uma vez"},"content":{"rendered":"<p>Seguindo com seu trabalho de difus\u00e3o da obra de trovadores cubanos de distintas gera\u00e7\u00f5es e de diversos rinc\u00f5es da ilha, o oitavo cap\u00edtulo de Projeto Redemoinho nos deslumbra com La Caguamaconda, o trabalho musical, po\u00e9tico e perform\u00e1tico de Oscar S\u00e1nchez. Sua voz, sua palavra, suas melodias, seu viol\u00e3o, seu tr\u00eas cubano e sua mar\u00edmbula se misturam na cria\u00e7\u00e3o de uma obra personal\u00edssima e surpreendente \u00e0 qual \u00e9 necess\u00e1rio aproximar-se para deixar-se cativar.<\/p>\n<p>Este cap\u00edtulo foi gravado na Casa de La UNEAC, Havana.<\/p>\n<p>Ver en:\u00a0<a href=\"https:\/\/lt.mydplr.com\/0c2a632639bf5f64a91177b9df9fdb3d-81868bec073b3970fa62af291f12b42d\" target=\"_blank\" rel=\"noopener\" data-saferedirecturl=\"https:\/\/www.google.com\/url?q=https:\/\/lt.mydplr.com\/0c2a632639bf5f64a91177b9df9fdb3d-81868bec073b3970fa62af291f12b42d&amp;source=gmail&amp;ust=1635957758030000&amp;usg=AFQjCNHLLUVHmtuKrep_YVd549lYvxu5gw\">youtube.com<\/a><\/p>\n","protected":false},"excerpt":{"rendered":"<p>Seguindo com seu trabalho de difus\u00e3o da obra de trovadores cubanos de distintas gera\u00e7\u00f5es e de diversos rinc\u00f5es da ilha, o oitavo cap\u00edtulo de Projeto Redemoinho nos deslumbra com La Caguamaconda, o trabalho musical, po\u00e9tico e perform\u00e1tico de Oscar S\u00e1nchez. Sua voz, sua palavra, suas melodias, seu viol\u00e3o, seu tr\u00eas cubano e sua mar\u00edmbula se [&hellip;]<\/p>\n","protected":false},"author":1,"featured_media":10524,"comment_status":"closed","ping_status":"closed","sticky":false,"template":"","format":"standard","meta":{"footnotes":""},"categories":[218],"tags":[],"class_list":["post-10526","post","type-post","status-publish","format-standard","has-post-thumbnail","hentry","category-noticias-generales-pt"],"lang":"pt","translations":{"pt":10526,"es":10523},"pll_sync_post":[],"post_mailing_queue_ids":[],"_links":{"self":[{"href":"http:\/\/staging.ibermusicas.org\/index.php\/wp-json\/wp\/v2\/posts\/10526","targetHints":{"allow":["GET"]}}],"collection":[{"href":"http:\/\/staging.ibermusicas.org\/index.php\/wp-json\/wp\/v2\/posts"}],"about":[{"href":"http:\/\/staging.ibermusicas.org\/index.php\/wp-json\/wp\/v2\/types\/post"}],"author":[{"embeddable":true,"href":"http:\/\/staging.ibermusicas.org\/index.php\/wp-json\/wp\/v2\/users\/1"}],"replies":[{"embeddable":true,"href":"http:\/\/staging.ibermusicas.org\/index.php\/wp-json\/wp\/v2\/comments?post=10526"}],"version-history":[{"count":1,"href":"http:\/\/staging.ibermusicas.org\/index.php\/wp-json\/wp\/v2\/posts\/10526\/revisions"}],"predecessor-version":[{"id":10527,"href":"http:\/\/staging.ibermusicas.org\/index.php\/wp-json\/wp\/v2\/posts\/10526\/revisions\/10527"}],"wp:featuredmedia":[{"embeddable":true,"href":"http:\/\/staging.ibermusicas.org\/index.php\/wp-json\/wp\/v2\/media\/10524"}],"wp:attachment":[{"href":"http:\/\/staging.ibermusicas.org\/index.php\/wp-json\/wp\/v2\/media?parent=10526"}],"wp:term":[{"taxonomy":"category","embeddable":true,"href":"http:\/\/staging.ibermusicas.org\/index.php\/wp-json\/wp\/v2\/categories?post=10526"},{"taxonomy":"post_tag","embeddable":true,"href":"http:\/\/staging.ibermusicas.org\/index.php\/wp-json\/wp\/v2\/tags?post=10526"}],"curies":[{"name":"wp","href":"https:\/\/api.w.org\/{rel}","templated":true}]}}