{"id":10528,"date":"2021-11-02T17:04:43","date_gmt":"2021-11-02T17:04:43","guid":{"rendered":"http:\/\/staging.ibermusicas.org\/?p=10528"},"modified":"2021-12-03T19:13:15","modified_gmt":"2021-12-03T19:13:15","slug":"el-coro-cedemusica-de-ecuador-sera-parte-del-festival-coralcun-de-cancun-mexico","status":"publish","type":"post","link":"http:\/\/staging.ibermusicas.org\/index.php\/el-coro-cedemusica-de-ecuador-sera-parte-del-festival-coralcun-de-cancun-mexico\/","title":{"rendered":"El Coro Cedem\u00fasica de Ecuador ser\u00e1 parte del Festival Coralc\u00fan de Canc\u00fan, M\u00e9xico"},"content":{"rendered":"<p>Cedem\u00fasica, creada en 2010 con integrantes desde los 7 a\u00f1os de edad en adelante, es una agrupaci\u00f3n eminentemente formativa, conformada en su mayor\u00eda por estudiantes de la Escuela de M\u00fasica de la Corporaci\u00f3n Cedemusica. Asumen el compromiso de hacer m\u00fasica con responsabilidad. Se trata de un coro para el cual no se requiere de ninguna audici\u00f3n, es de car\u00e1cter inclusivo. En \u00e9l predomina el trabajo equilibrado entre la sensibilidad y la disciplina. El repertorio del Coro va desde lo popular hasta lo acad\u00e9mico, con obras en varios idiomas y estilos, procurando siempre aportar al conocimiento art\u00edstico del p\u00fablico.<\/p>\n<p>El coro se ha presentado en: XXV Festival Internacional Bach en Trujillo \u2013 Per\u00fa, IV Festival Por esto cantamos juntos en Pasto \u2013 Colombia y IX Festival Serenade en Washington, USA.<\/p>\n<p>El Festival Internacional CORALCUN 2021 es una plataforma que sostiene y estimula un encuentro multicultural de grupos corales cuyos objetivos principales son: promover y fomentar la m\u00fasica latinoamericana a trav\u00e9s del canto coral, estimular el intercambio y la convivencia entre distintas culturas e integrar una experiencia completa para los participantes, tanto musical como emotiva y tur\u00edstica.<\/p>\n<p>Del 29 de octubre al 3 de noviembre en Canc\u00fan, Quintana Roo, M\u00e9xico<\/p>\n","protected":false},"excerpt":{"rendered":"<p>Cedem\u00fasica, creada en 2010 con integrantes desde los 7 a\u00f1os de edad en adelante, es una agrupaci\u00f3n eminentemente formativa, conformada en su mayor\u00eda por estudiantes de la Escuela de M\u00fasica de la Corporaci\u00f3n Cedemusica. Asumen el compromiso de hacer m\u00fasica con responsabilidad. Se trata de un coro para el cual no se requiere de ninguna [&hellip;]<\/p>\n","protected":false},"author":1,"featured_media":10530,"comment_status":"closed","ping_status":"closed","sticky":false,"template":"","format":"standard","meta":{"footnotes":""},"categories":[53],"tags":[],"class_list":["post-10528","post","type-post","status-publish","format-standard","has-post-thumbnail","hentry","category-noticias-generales"],"lang":"es","translations":{"es":10528,"pt":10532},"pll_sync_post":[],"post_mailing_queue_ids":[],"_links":{"self":[{"href":"http:\/\/staging.ibermusicas.org\/index.php\/wp-json\/wp\/v2\/posts\/10528","targetHints":{"allow":["GET"]}}],"collection":[{"href":"http:\/\/staging.ibermusicas.org\/index.php\/wp-json\/wp\/v2\/posts"}],"about":[{"href":"http:\/\/staging.ibermusicas.org\/index.php\/wp-json\/wp\/v2\/types\/post"}],"author":[{"embeddable":true,"href":"http:\/\/staging.ibermusicas.org\/index.php\/wp-json\/wp\/v2\/users\/1"}],"replies":[{"embeddable":true,"href":"http:\/\/staging.ibermusicas.org\/index.php\/wp-json\/wp\/v2\/comments?post=10528"}],"version-history":[{"count":2,"href":"http:\/\/staging.ibermusicas.org\/index.php\/wp-json\/wp\/v2\/posts\/10528\/revisions"}],"predecessor-version":[{"id":10534,"href":"http:\/\/staging.ibermusicas.org\/index.php\/wp-json\/wp\/v2\/posts\/10528\/revisions\/10534"}],"wp:featuredmedia":[{"embeddable":true,"href":"http:\/\/staging.ibermusicas.org\/index.php\/wp-json\/wp\/v2\/media\/10530"}],"wp:attachment":[{"href":"http:\/\/staging.ibermusicas.org\/index.php\/wp-json\/wp\/v2\/media?parent=10528"}],"wp:term":[{"taxonomy":"category","embeddable":true,"href":"http:\/\/staging.ibermusicas.org\/index.php\/wp-json\/wp\/v2\/categories?post=10528"},{"taxonomy":"post_tag","embeddable":true,"href":"http:\/\/staging.ibermusicas.org\/index.php\/wp-json\/wp\/v2\/tags?post=10528"}],"curies":[{"name":"wp","href":"https:\/\/api.w.org\/{rel}","templated":true}]}}