{"id":10532,"date":"2021-11-02T17:06:37","date_gmt":"2021-11-02T17:06:37","guid":{"rendered":"http:\/\/staging.ibermusicas.org\/?p=10532"},"modified":"2021-12-03T19:17:21","modified_gmt":"2021-12-03T19:17:21","slug":"o-coro-cedemusica-do-equador-fara-parte-do-festival-coralcun-de-cancun-mexico","status":"publish","type":"post","link":"http:\/\/staging.ibermusicas.org\/index.php\/o-coro-cedemusica-do-equador-fara-parte-do-festival-coralcun-de-cancun-mexico\/","title":{"rendered":"O Coro Cedem\u00fasica do Equador far\u00e1 parte do Festival Coralc\u00fan de Canc\u00fan, M\u00e9xico"},"content":{"rendered":"<p>Cedem\u00fasica, criada em 2010 com integrantes desde os 7 anos de idade em diante, \u00e9 um grupo eminentemente formativo, composto em sua maioria por estudantes da Escola de M\u00fasica da Corpora\u00e7\u00e3o Cedemusica. Assumem o compromisso de fazer m\u00fasica com responsabilidade. Trata-se de um coro para o qual n\u00e3o se requer nenhuma audi\u00e7\u00e3o, \u00e9 de car\u00e1ter inclusivo. Nele predomina o trabalho equilibrado entre a sensibilidade e a disciplina. O repert\u00f3rio do Coro vai desde o popular at\u00e9 o acad\u00eamico, com obras em v\u00e1rios idiomas e estilos, procurando sempre contribuir com o conhecimento art\u00edstico do p\u00fablico.<\/p>\n<p>O coro se apresentou em: XXV Festival Internacional Bach em Trujillo &#8211; Peru, IV Festival Por isso cantamos juntos em Pasto &#8211; Col\u00f4mbia e IX Festival Serenade em Washington, EUA.<\/p>\n<p>O Festival Internacional CORALCUN 2021 \u00e9 uma plataforma que sustenta e estimula um encontro multicultural de grupos corais cujos objetivos principais s\u00e3o: promover a m\u00fasica latino-americana atrav\u00e9s do canto coral, estimular o interc\u00e2mbio e a conviv\u00eancia entre diferentes culturas e integrar uma experi\u00eancia completa para os participantes, tanto musical como emotiva e tur\u00edstica.<\/p>\n<p>De 29 de outubro a 3 de novembro em Canc\u00fan, Quintana Roo, M\u00e9xico<\/p>\n","protected":false},"excerpt":{"rendered":"<p>Cedem\u00fasica, criada em 2010 com integrantes desde os 7 anos de idade em diante, \u00e9 um grupo eminentemente formativo, composto em sua maioria por estudantes da Escola de M\u00fasica da Corpora\u00e7\u00e3o Cedemusica. Assumem o compromisso de fazer m\u00fasica com responsabilidade. Trata-se de um coro para o qual n\u00e3o se requer nenhuma audi\u00e7\u00e3o, \u00e9 de car\u00e1ter [&hellip;]<\/p>\n","protected":false},"author":1,"featured_media":10530,"comment_status":"closed","ping_status":"closed","sticky":false,"template":"","format":"standard","meta":{"footnotes":""},"categories":[218],"tags":[],"class_list":["post-10532","post","type-post","status-publish","format-standard","has-post-thumbnail","hentry","category-noticias-generales-pt"],"lang":"pt","translations":{"pt":10532,"es":10528},"pll_sync_post":[],"post_mailing_queue_ids":[],"_links":{"self":[{"href":"http:\/\/staging.ibermusicas.org\/index.php\/wp-json\/wp\/v2\/posts\/10532","targetHints":{"allow":["GET"]}}],"collection":[{"href":"http:\/\/staging.ibermusicas.org\/index.php\/wp-json\/wp\/v2\/posts"}],"about":[{"href":"http:\/\/staging.ibermusicas.org\/index.php\/wp-json\/wp\/v2\/types\/post"}],"author":[{"embeddable":true,"href":"http:\/\/staging.ibermusicas.org\/index.php\/wp-json\/wp\/v2\/users\/1"}],"replies":[{"embeddable":true,"href":"http:\/\/staging.ibermusicas.org\/index.php\/wp-json\/wp\/v2\/comments?post=10532"}],"version-history":[{"count":1,"href":"http:\/\/staging.ibermusicas.org\/index.php\/wp-json\/wp\/v2\/posts\/10532\/revisions"}],"predecessor-version":[{"id":10535,"href":"http:\/\/staging.ibermusicas.org\/index.php\/wp-json\/wp\/v2\/posts\/10532\/revisions\/10535"}],"wp:featuredmedia":[{"embeddable":true,"href":"http:\/\/staging.ibermusicas.org\/index.php\/wp-json\/wp\/v2\/media\/10530"}],"wp:attachment":[{"href":"http:\/\/staging.ibermusicas.org\/index.php\/wp-json\/wp\/v2\/media?parent=10532"}],"wp:term":[{"taxonomy":"category","embeddable":true,"href":"http:\/\/staging.ibermusicas.org\/index.php\/wp-json\/wp\/v2\/categories?post=10532"},{"taxonomy":"post_tag","embeddable":true,"href":"http:\/\/staging.ibermusicas.org\/index.php\/wp-json\/wp\/v2\/tags?post=10532"}],"curies":[{"name":"wp","href":"https:\/\/api.w.org\/{rel}","templated":true}]}}