{"id":10539,"date":"2021-11-02T17:35:41","date_gmt":"2021-11-02T17:35:41","guid":{"rendered":"http:\/\/staging.ibermusicas.org\/?p=10539"},"modified":"2021-12-03T19:17:15","modified_gmt":"2021-12-03T19:17:15","slug":"o-projeto-argentino-uruguaio-por-el-rio-apresenta-o-resultado-de-seu-recente-trabalho-a-suite-confluencia","status":"publish","type":"post","link":"http:\/\/staging.ibermusicas.org\/index.php\/o-projeto-argentino-uruguaio-por-el-rio-apresenta-o-resultado-de-seu-recente-trabalho-a-suite-confluencia\/","title":{"rendered":"O projeto argentino\/uruguaio \u00abPor El R\u00edo\u00bb apresenta o resultado de seu recente trabalho, a su\u00edte \u00abConfluencia\u00bb"},"content":{"rendered":"<p>Por El R\u00edo \u00e9 um projeto musical criado em 2020, integrado pelos instrumentistas e compositores da Argentina Lautaro Lunadei (eletr\u00f4nica), Juan Pablo Ferreyra (guitarras) e Pablo Leites (percuss\u00e3o) do Uruguai.<\/p>\n<p>A m\u00fasica deste trio leva id\u00e9ias inspiradas em m\u00fasicas folcl\u00f3ricas e antigas grava\u00e7\u00f5es para resignific\u00e1-las e torn\u00e1-las parte de um novo material. Entre as leg\u00edtimas op\u00e7\u00f5es de estudar o folclore quase como um objeto arqueol\u00f3gico, ou atualiz\u00e1-lo atrav\u00e9s de ousados arranjos, Por El R\u00edo ensaia outra op\u00e7\u00e3o: tom\u00e1-lo como uma das suas mat\u00e9rias-primas.<\/p>\n<p>A su\u00edte Confluencia \u00e9 uma obra que atrav\u00e9s de v\u00e1rios movimentos tra\u00e7a uma viagem pelos rios que conformavam o Vice-reinado do Rio da Prata, mediante diferentes tramas sonoras e ritmos caracter\u00edsticos. Deste modo, a Hist\u00f3ria e os territ\u00f3rios se entreveram reimaginados pela via da m\u00fasica.<\/p>\n<p>Conflu\u00eancia \u00e9 a met\u00e1fora que representa \u00abPor el R\u00edo\u00bb. Dois rios que se tornam um; dois registros ou objetos musicais que criam uma m\u00fasica nova em que futuro e passado se unem.<\/p>\n<p>A Su\u00edte Conflu\u00eancia conta com a participa\u00e7\u00e3o de m\u00fasicos convidados, como: Edu Lombardo (UY), Crist\u00f3bal Repetto (ARG), Facundo Barrios (ARG) e Andrea Facciolo (UY).<\/p>\n<p>Pelo Rio apresentar\u00e1 a su\u00edte completa em formato audiovisual, a cargo dos artistas Mariano Minestrelli e David Guzm\u00e1n pelo canal do YouTube do projeto.<\/p>\n<p>Sexta-feira 12 de novembro 21:00 hs.<br \/>\n<a href=\"https:\/\/lt.mydplr.com\/bb5a4987f236818b0de2d2b024c846ef-81868bec073b3970fa62af291f12b42d\" target=\"_blank\" rel=\"noopener\" data-saferedirecturl=\"https:\/\/www.google.com\/url?q=https:\/\/lt.mydplr.com\/bb5a4987f236818b0de2d2b024c846ef-81868bec073b3970fa62af291f12b42d&amp;source=gmail&amp;ust=1635957758031000&amp;usg=AFQjCNF1KJn2ZXDS3bmtuwv6QNlaXTkhQw\">youtube.com<\/a><\/p>\n","protected":false},"excerpt":{"rendered":"<p>Por El R\u00edo \u00e9 um projeto musical criado em 2020, integrado pelos instrumentistas e compositores da Argentina Lautaro Lunadei (eletr\u00f4nica), Juan Pablo Ferreyra (guitarras) e Pablo Leites (percuss\u00e3o) do Uruguai. A m\u00fasica deste trio leva id\u00e9ias inspiradas em m\u00fasicas folcl\u00f3ricas e antigas grava\u00e7\u00f5es para resignific\u00e1-las e torn\u00e1-las parte de um novo material. Entre as leg\u00edtimas [&hellip;]<\/p>\n","protected":false},"author":1,"featured_media":10537,"comment_status":"closed","ping_status":"closed","sticky":false,"template":"","format":"standard","meta":{"footnotes":""},"categories":[218],"tags":[],"class_list":["post-10539","post","type-post","status-publish","format-standard","has-post-thumbnail","hentry","category-noticias-generales-pt"],"lang":"pt","translations":{"pt":10539,"es":10536},"pll_sync_post":[],"post_mailing_queue_ids":[],"_links":{"self":[{"href":"http:\/\/staging.ibermusicas.org\/index.php\/wp-json\/wp\/v2\/posts\/10539","targetHints":{"allow":["GET"]}}],"collection":[{"href":"http:\/\/staging.ibermusicas.org\/index.php\/wp-json\/wp\/v2\/posts"}],"about":[{"href":"http:\/\/staging.ibermusicas.org\/index.php\/wp-json\/wp\/v2\/types\/post"}],"author":[{"embeddable":true,"href":"http:\/\/staging.ibermusicas.org\/index.php\/wp-json\/wp\/v2\/users\/1"}],"replies":[{"embeddable":true,"href":"http:\/\/staging.ibermusicas.org\/index.php\/wp-json\/wp\/v2\/comments?post=10539"}],"version-history":[{"count":1,"href":"http:\/\/staging.ibermusicas.org\/index.php\/wp-json\/wp\/v2\/posts\/10539\/revisions"}],"predecessor-version":[{"id":10540,"href":"http:\/\/staging.ibermusicas.org\/index.php\/wp-json\/wp\/v2\/posts\/10539\/revisions\/10540"}],"wp:featuredmedia":[{"embeddable":true,"href":"http:\/\/staging.ibermusicas.org\/index.php\/wp-json\/wp\/v2\/media\/10537"}],"wp:attachment":[{"href":"http:\/\/staging.ibermusicas.org\/index.php\/wp-json\/wp\/v2\/media?parent=10539"}],"wp:term":[{"taxonomy":"category","embeddable":true,"href":"http:\/\/staging.ibermusicas.org\/index.php\/wp-json\/wp\/v2\/categories?post=10539"},{"taxonomy":"post_tag","embeddable":true,"href":"http:\/\/staging.ibermusicas.org\/index.php\/wp-json\/wp\/v2\/tags?post=10539"}],"curies":[{"name":"wp","href":"https:\/\/api.w.org\/{rel}","templated":true}]}}