{"id":10541,"date":"2021-11-02T17:40:38","date_gmt":"2021-11-02T17:40:38","guid":{"rendered":"http:\/\/staging.ibermusicas.org\/?p=10541"},"modified":"2021-12-03T19:13:03","modified_gmt":"2021-12-03T19:13:03","slug":"el-ensamble-eco-de-costa-rica-sera-parte-de-la-programacion-del-ciclo-bemol-en-guadalajara-mexico","status":"publish","type":"post","link":"http:\/\/staging.ibermusicas.org\/index.php\/el-ensamble-eco-de-costa-rica-sera-parte-de-la-programacion-del-ciclo-bemol-en-guadalajara-mexico\/","title":{"rendered":"El Ensamble ECO de Costa Rica ser\u00e1 parte de la programaci\u00f3n del Ciclo Bemol en Guadalajara, M\u00e9xico"},"content":{"rendered":"<p>El Ensamble ECO es una agrupaci\u00f3n de m\u00fasica contempor\u00e1nea de c\u00e1mara con sede en Costa Rica. Tienen por misi\u00f3n proyectar la interpretaci\u00f3n de m\u00fasica contempor\u00e1nea de c\u00e1mara latinoamericana a nivel universal. El Ensamble ECO se fund\u00f3 en el a\u00f1o 2018 con el fin de presentar programas innovadores, explorar nuevos sonidos, comisionar nuevas obras y crear conciencia sobre el arte contempor\u00e1neo en Latinoam\u00e9rica; todo esto con el fin de desarrollar un ambiente que permita el enriquecimiento del arte en todos los sectores de la sociedad.<\/p>\n<p>El Ensamble ECO est\u00e1 integrado por Adriana Cordero en Viol\u00edn, Nela Cordero en Violoncello, Pedro Garc\u00eda en Contrabajo, Fressy Barquero en Piano, Jos\u00e9 Mario Portillo en Flautas, Juan Carlos Espinoza en Percusi\u00f3n, Adri\u00e1n Sand\u00ed en Clarinetes \/ Co-director art\u00edstico y Carlos Castro tambi\u00e9n como Co-director art\u00edstico.<\/p>\n<p>El Ciclo Bemol est\u00e1 destinado a m\u00fasicos, artistas y dise\u00f1adores sonoros, estudiantes de disciplinas art\u00edsticas y en general el p\u00fablico interesado en la m\u00fasica no amplificada. La programaci\u00f3n detallada se puede encontrar en las redes sociales de @CulturaJalisco.<\/p>\n<p>Lunes 8 de noviembre. Concierto Ciclo Bemol PALCCO<br \/>\nMartes 9 de noviembre. Concierto CICLO Bemol Sala de C\u00e1mara Degollado<br \/>\nMi\u00e9rcoles 10 de noviembre. Panel sobre la producci\u00f3n de m\u00fasica contempor\u00e1nea en Centroam\u00e9rica<br \/>\nJueves 11 de noviembre. Masterclass M\u00fasica de C\u00e1mara. Actividad gratuita con previo registro<\/p>\n<p>M\u00e1s informaci\u00f3n al correo: composici\u00f3<a href=\"mailto:norquestal.sc@jalisco.gob.mx\" target=\"_blank\" rel=\"noopener\">norquestal.sc@<wbr \/>jalisco.gob.mx<\/a><\/p>\n","protected":false},"excerpt":{"rendered":"<p>El Ensamble ECO es una agrupaci\u00f3n de m\u00fasica contempor\u00e1nea de c\u00e1mara con sede en Costa Rica. Tienen por misi\u00f3n proyectar la interpretaci\u00f3n de m\u00fasica contempor\u00e1nea de c\u00e1mara latinoamericana a nivel universal. El Ensamble ECO se fund\u00f3 en el a\u00f1o 2018 con el fin de presentar programas innovadores, explorar nuevos sonidos, comisionar nuevas obras y crear [&hellip;]<\/p>\n","protected":false},"author":1,"featured_media":10542,"comment_status":"closed","ping_status":"closed","sticky":false,"template":"","format":"standard","meta":{"footnotes":""},"categories":[53],"tags":[],"class_list":["post-10541","post","type-post","status-publish","format-standard","has-post-thumbnail","hentry","category-noticias-generales"],"lang":"es","translations":{"es":10541,"pt":10544},"pll_sync_post":[],"post_mailing_queue_ids":[],"_links":{"self":[{"href":"http:\/\/staging.ibermusicas.org\/index.php\/wp-json\/wp\/v2\/posts\/10541","targetHints":{"allow":["GET"]}}],"collection":[{"href":"http:\/\/staging.ibermusicas.org\/index.php\/wp-json\/wp\/v2\/posts"}],"about":[{"href":"http:\/\/staging.ibermusicas.org\/index.php\/wp-json\/wp\/v2\/types\/post"}],"author":[{"embeddable":true,"href":"http:\/\/staging.ibermusicas.org\/index.php\/wp-json\/wp\/v2\/users\/1"}],"replies":[{"embeddable":true,"href":"http:\/\/staging.ibermusicas.org\/index.php\/wp-json\/wp\/v2\/comments?post=10541"}],"version-history":[{"count":1,"href":"http:\/\/staging.ibermusicas.org\/index.php\/wp-json\/wp\/v2\/posts\/10541\/revisions"}],"predecessor-version":[{"id":10543,"href":"http:\/\/staging.ibermusicas.org\/index.php\/wp-json\/wp\/v2\/posts\/10541\/revisions\/10543"}],"wp:featuredmedia":[{"embeddable":true,"href":"http:\/\/staging.ibermusicas.org\/index.php\/wp-json\/wp\/v2\/media\/10542"}],"wp:attachment":[{"href":"http:\/\/staging.ibermusicas.org\/index.php\/wp-json\/wp\/v2\/media?parent=10541"}],"wp:term":[{"taxonomy":"category","embeddable":true,"href":"http:\/\/staging.ibermusicas.org\/index.php\/wp-json\/wp\/v2\/categories?post=10541"},{"taxonomy":"post_tag","embeddable":true,"href":"http:\/\/staging.ibermusicas.org\/index.php\/wp-json\/wp\/v2\/tags?post=10541"}],"curies":[{"name":"wp","href":"https:\/\/api.w.org\/{rel}","templated":true}]}}