{"id":10544,"date":"2021-11-02T17:44:02","date_gmt":"2021-11-02T17:44:02","guid":{"rendered":"http:\/\/staging.ibermusicas.org\/?p=10544"},"modified":"2021-12-03T19:17:08","modified_gmt":"2021-12-03T19:17:08","slug":"o-ensamble-eco-da-costa-rica-fara-parte-da-programacao-do-ciclo-bemol-em-guadalajara-mexico","status":"publish","type":"post","link":"http:\/\/staging.ibermusicas.org\/index.php\/o-ensamble-eco-da-costa-rica-fara-parte-da-programacao-do-ciclo-bemol-em-guadalajara-mexico\/","title":{"rendered":"O Ensamble ECO da Costa Rica far\u00e1 parte da programa\u00e7\u00e3o do Ciclo Bemol em Guadalajara, M\u00e9xico"},"content":{"rendered":"<p>O Ensamble ECO \u00e9 um agrupamento de m\u00fasica contempor\u00e2nea de c\u00e2mara com sede na Costa Rica. T\u00eam por miss\u00e3o projectar a interpreta\u00e7\u00e3o de m\u00fasica contempor\u00e2nea de c\u00e2mara latino-americana a n\u00edvel universal. O ensamble ECO foi fundado em 2018 para apresentar programas inovadores, explorar novos sons, comissionar novas obras e aumentar a conscientiza\u00e7\u00e3o sobre a arte contempor\u00e2nea na Am\u00e9rica Latina; tudo isto com o objectivo de desenvolver um ambiente que permita o enriquecimento da arte em todos os sectores da sociedade.<\/p>\n<p>O Ensamble ECO \u00e9 composto por Adriana Cordero en Viol\u00edn, Nela Cordero en Violoncello, Pedro Garc\u00eda en Contrabajo, Fressy Barquero en Piano, Jos\u00e9 Mario Portillo en Flautas, Juan Carlos Espinoza en Percusi\u00f3n, Adri\u00e1n Sand\u00ed en Clarinetes \/ Co-diretor art\u00edstico e Carlos Castro tamb\u00e9m como co-diretor art\u00edstico.<\/p>\n<p>O Ciclo Bemol destina-se a m\u00fasicos, artistas e designers sonoros, estudantes de disciplinas art\u00edsticas e, em geral, o p\u00fablico interessado na m\u00fasica n\u00e3o amplificada. A programa\u00e7\u00e3o detalhada pode ser encontrada nas redes sociais de @CulturaJalisco.<\/p>\n<p>Segunda-feira 8 de novembro. Concerto Ciclo Bemol PALCCO<br \/>\nTer\u00e7a-feira 9 de novembro. Concerto CICLO Bemol em C\u00e2mara Degolada<br \/>\nQuarta-feira 10 de novembro. Painel sobre a produ\u00e7\u00e3o de m\u00fasica contempor\u00e2nea na Am\u00e9rica Central<br \/>\nQuinta-feira 11 de novembro. Masterclass M\u00fasica de C\u00e2mara. Atividade gratuita com pr\u00e9-registro<\/p>\n<p>Mais informa\u00e7\u00f5es para o e- mail: composi\u00e7\u00e3<a href=\"mailto:onorquestal.sc@jalisco.gob.mx\" target=\"_blank\" rel=\"noopener\">onorquestal.sc@<wbr \/>jalisco.gob.mx<\/a><\/p>\n","protected":false},"excerpt":{"rendered":"<p>O Ensamble ECO \u00e9 um agrupamento de m\u00fasica contempor\u00e2nea de c\u00e2mara com sede na Costa Rica. T\u00eam por miss\u00e3o projectar a interpreta\u00e7\u00e3o de m\u00fasica contempor\u00e2nea de c\u00e2mara latino-americana a n\u00edvel universal. O ensamble ECO foi fundado em 2018 para apresentar programas inovadores, explorar novos sons, comissionar novas obras e aumentar a conscientiza\u00e7\u00e3o sobre a arte [&hellip;]<\/p>\n","protected":false},"author":1,"featured_media":10542,"comment_status":"closed","ping_status":"closed","sticky":false,"template":"","format":"standard","meta":{"footnotes":""},"categories":[218],"tags":[],"class_list":["post-10544","post","type-post","status-publish","format-standard","has-post-thumbnail","hentry","category-noticias-generales-pt"],"lang":"pt","translations":{"pt":10544,"es":10541},"pll_sync_post":[],"post_mailing_queue_ids":[],"_links":{"self":[{"href":"http:\/\/staging.ibermusicas.org\/index.php\/wp-json\/wp\/v2\/posts\/10544","targetHints":{"allow":["GET"]}}],"collection":[{"href":"http:\/\/staging.ibermusicas.org\/index.php\/wp-json\/wp\/v2\/posts"}],"about":[{"href":"http:\/\/staging.ibermusicas.org\/index.php\/wp-json\/wp\/v2\/types\/post"}],"author":[{"embeddable":true,"href":"http:\/\/staging.ibermusicas.org\/index.php\/wp-json\/wp\/v2\/users\/1"}],"replies":[{"embeddable":true,"href":"http:\/\/staging.ibermusicas.org\/index.php\/wp-json\/wp\/v2\/comments?post=10544"}],"version-history":[{"count":1,"href":"http:\/\/staging.ibermusicas.org\/index.php\/wp-json\/wp\/v2\/posts\/10544\/revisions"}],"predecessor-version":[{"id":10545,"href":"http:\/\/staging.ibermusicas.org\/index.php\/wp-json\/wp\/v2\/posts\/10544\/revisions\/10545"}],"wp:featuredmedia":[{"embeddable":true,"href":"http:\/\/staging.ibermusicas.org\/index.php\/wp-json\/wp\/v2\/media\/10542"}],"wp:attachment":[{"href":"http:\/\/staging.ibermusicas.org\/index.php\/wp-json\/wp\/v2\/media?parent=10544"}],"wp:term":[{"taxonomy":"category","embeddable":true,"href":"http:\/\/staging.ibermusicas.org\/index.php\/wp-json\/wp\/v2\/categories?post=10544"},{"taxonomy":"post_tag","embeddable":true,"href":"http:\/\/staging.ibermusicas.org\/index.php\/wp-json\/wp\/v2\/tags?post=10544"}],"curies":[{"name":"wp","href":"https:\/\/api.w.org\/{rel}","templated":true}]}}