{"id":10546,"date":"2021-11-02T17:45:20","date_gmt":"2021-11-02T17:45:20","guid":{"rendered":"http:\/\/staging.ibermusicas.org\/?p=10546"},"modified":"2021-11-02T17:45:20","modified_gmt":"2021-11-02T17:45:20","slug":"desde-ecuador-la-banda-munn-viaja-a-chile-para-realizar-una-gira-por-varias-ciudades","status":"publish","type":"post","link":"http:\/\/staging.ibermusicas.org\/index.php\/desde-ecuador-la-banda-munn-viaja-a-chile-para-realizar-una-gira-por-varias-ciudades\/","title":{"rendered":"Desde Ecuador, la banda Munn viaja a Chile para realizar una gira por varias ciudades"},"content":{"rendered":"<p>MUNN es una agrupaci\u00f3n ecuatoriana conformada por los hermanos Mariela y Miguel Espinosa de los Monteros, y Pablo Molina. Su m\u00fasica no pretende encajar en ning\u00fan g\u00e9nero en particular, pero transita por el trip hop, el rock, el post rock, el electro pop, y la psicodelia industrial.<\/p>\n<p>MUNN es una de las agrupaciones m\u00e1s innovadoras de la escena musical regional. Se destaca por su constante evoluci\u00f3n, su sonoridad vocal caracter\u00edstica, sus letras reflexivas y su versatilidad. Con m\u00e1s de una d\u00e9cada de existencia, giras internacionales y participaciones en festivales relevantes a nivel latinoamericano, MUNN es un proyecto que tiene ra\u00edces profundas y una b\u00fasqueda constante de crecimiento y transformaci\u00f3n.<\/p>\n<p>MUNN nace en el a\u00f1o 2008 como un proyecto de m\u00fasica electr\u00f3nica influenciado por el trip hop de los noventas, su primer \u00e1lbum \u201cEspirales\u201d (2012) genera un gran impacto en la escena local y hoy en d\u00eda es un disco considerado de culto. \u201cAqu\u00ed\/Ahora\u201d (2014) es su segundo trabajo discogr\u00e1fico, un \u00e1lbum conceptual en el cual la exploraci\u00f3n musical se acerca m\u00e1s al rock y post rock, contrastado con arreglos de instrumentos de viento y paisajes sonoros experimentales. En 2018 lanzan \u201cEclosi\u00f3n\u201d, un sencillo que dar\u00eda inicio a una nueva etapa que continu\u00f3 con el lanzamiento de \u201cCabal\u201d y \u201cLatido\u201d (2020); estos tres sencillos ser\u00e1n parte de su tercer \u00e1lbum \u201cOdisea\u201d (2021), un trabajo que recorre diversas sonoridades que se pasean por el trip hop, downtempo, rock, industrial, electr\u00f3nica, pop y experimental, ahondando en atm\u00f3sferas que contrastan luz y oscuridad y letras que describen realidades dist\u00f3picas y ficciones ut\u00f3picas, creando as\u00ed un mundo lleno de detalles y reflexiones profundas.<\/p>\n<p>Viernes 5 de noviembre, Espacio del \u00c1ngel, Santiago de Chile<br \/>\nViernes 12 de noviembre, Casa de Salud, Concepci\u00f3n<br \/>\nS\u00e1bado 13 de noviembre, Espacio en Construcci\u00f3n, Valdivia<br \/>\nJueves 18 de noviembre, Biblioteca Municipal, Frutillar<br \/>\nViernes 19 de noviembre, Parque Estaci\u00f3n, Puerto Varas<br \/>\nS\u00e1bado 27 de noviembre, Lerock Fest, Santiago de Chile<\/p>\n","protected":false},"excerpt":{"rendered":"<p>MUNN es una agrupaci\u00f3n ecuatoriana conformada por los hermanos Mariela y Miguel Espinosa de los Monteros, y Pablo Molina. Su m\u00fasica no pretende encajar en ning\u00fan g\u00e9nero en particular, pero transita por el trip hop, el rock, el post rock, el electro pop, y la psicodelia industrial. MUNN es una de las agrupaciones m\u00e1s innovadoras [&hellip;]<\/p>\n","protected":false},"author":1,"featured_media":10547,"comment_status":"closed","ping_status":"closed","sticky":false,"template":"","format":"standard","meta":{"footnotes":""},"categories":[53],"tags":[],"class_list":["post-10546","post","type-post","status-publish","format-standard","has-post-thumbnail","hentry","category-noticias-generales"],"lang":"es","translations":{"es":10546,"pt":10549},"pll_sync_post":[],"post_mailing_queue_ids":[],"_links":{"self":[{"href":"http:\/\/staging.ibermusicas.org\/index.php\/wp-json\/wp\/v2\/posts\/10546","targetHints":{"allow":["GET"]}}],"collection":[{"href":"http:\/\/staging.ibermusicas.org\/index.php\/wp-json\/wp\/v2\/posts"}],"about":[{"href":"http:\/\/staging.ibermusicas.org\/index.php\/wp-json\/wp\/v2\/types\/post"}],"author":[{"embeddable":true,"href":"http:\/\/staging.ibermusicas.org\/index.php\/wp-json\/wp\/v2\/users\/1"}],"replies":[{"embeddable":true,"href":"http:\/\/staging.ibermusicas.org\/index.php\/wp-json\/wp\/v2\/comments?post=10546"}],"version-history":[{"count":1,"href":"http:\/\/staging.ibermusicas.org\/index.php\/wp-json\/wp\/v2\/posts\/10546\/revisions"}],"predecessor-version":[{"id":10548,"href":"http:\/\/staging.ibermusicas.org\/index.php\/wp-json\/wp\/v2\/posts\/10546\/revisions\/10548"}],"wp:featuredmedia":[{"embeddable":true,"href":"http:\/\/staging.ibermusicas.org\/index.php\/wp-json\/wp\/v2\/media\/10547"}],"wp:attachment":[{"href":"http:\/\/staging.ibermusicas.org\/index.php\/wp-json\/wp\/v2\/media?parent=10546"}],"wp:term":[{"taxonomy":"category","embeddable":true,"href":"http:\/\/staging.ibermusicas.org\/index.php\/wp-json\/wp\/v2\/categories?post=10546"},{"taxonomy":"post_tag","embeddable":true,"href":"http:\/\/staging.ibermusicas.org\/index.php\/wp-json\/wp\/v2\/tags?post=10546"}],"curies":[{"name":"wp","href":"https:\/\/api.w.org\/{rel}","templated":true}]}}