{"id":10549,"date":"2021-11-02T17:46:25","date_gmt":"2021-11-02T17:46:25","guid":{"rendered":"http:\/\/staging.ibermusicas.org\/?p=10549"},"modified":"2021-11-02T17:46:25","modified_gmt":"2021-11-02T17:46:25","slug":"do-equador-a-banda-munn-viaja-ao-chile-para-realizar-uma-turne-por-varias-cidades","status":"publish","type":"post","link":"http:\/\/staging.ibermusicas.org\/index.php\/do-equador-a-banda-munn-viaja-ao-chile-para-realizar-uma-turne-por-varias-cidades\/","title":{"rendered":"Do Equador, a banda Munn viaja ao Chile para realizar uma turn\u00ea por v\u00e1rias cidades"},"content":{"rendered":"<p>MUNN \u00e9 um grupo equatoriano formado pelos irm\u00e3os Mariela e Miguel Espinosa de los Monteros, e Pablo Molina. Sua m\u00fasica n\u00e3o pretende se encaixar em nenhum g\u00eanero em particular, mas transita pelo trip hop, o rock, o post rock, o eletro pop, e a psicodelia industrial.<\/p>\n<p>MUNN \u00e9 um dos grupos mais inovadores da cena musical regional. Destaca-se por sua constante evolu\u00e7\u00e3o, sua sonoridade vocal caracter\u00edstica, suas letras reflexivas e sua versatilidade. Com mais de uma d\u00e9cada de exist\u00eancia, turn\u00eas internacionais e participa\u00e7\u00f5es em festivais relevantes em n\u00edvel latino-americano, MUNN \u00e9 um projeto que tem ra\u00edzes profundas e uma busca constante de crescimento e transforma\u00e7\u00e3o.<\/p>\n<p>MUNN nasce em 2008 como um projeto de m\u00fasica eletr\u00f4nica influenciado pelo trip hop dos noventas, seu primeiro \u00e1lbum \u00abEspirais\u00bb (2012) gera um grande impacto na cena local e hoje \u00e9 um disco considerado de culto. \u00abAqui\/Agora\u00bb (2014) \u00e9 seu segundo trabalho discogr\u00e1fico, um \u00e1lbum conceitual no qual a explora\u00e7\u00e3o musical se aproxima mais do rock e p\u00f3s rock, contrastado com arranjos de instrumentos de vento e paisagens sonoros experimentais. Em 2018 lan\u00e7am \u00abEclos\u00e3o\u00bb, um single que daria in\u00edcio a uma nova etapa que continuou com o lan\u00e7amento de \u00abCabal\u00bb e \u00abLatido\u00bb (2020); estes tr\u00eas singles far\u00e3o parte de seu terceiro \u00e1lbum \u00abOdisea\u00bb (2021), um trabalho que percorre diversas sonoridades que se passeiam pelo trip hop, downtempo, rock, industrial, eletr\u00f4nica, pop e experimental, aprofundando em atmosferas que contrastam luz e escurid\u00e3o e letras que descrevem realidades dist\u00f3picas e fic\u00e7\u00f5es ut\u00f3picas, criando assim um mundo cheio de detalhes e reflex\u00f5es profundas.<\/p>\n<p>Sexta-feira, 5 de novembro, Espacio del \u00c1ngel, Santiago de Chile<br \/>\nSexta-feira, 12 de novembro Casa de Salud, Concepci\u00f3n<br \/>\nS\u00e1bado, 13 de novembro, Espacio en Construcci\u00f3n, Valdivia<br \/>\nQuinta-feira, 18 de novembro, Biblioteca Municipal, Frutillar<br \/>\nSexta-feira 19 de novembro, Parque Estaci\u00f3n, Puerto Varas<br \/>\nS\u00e1bado, 27 de novembro, Lerock Fest, Santiago de Chile<\/p>\n","protected":false},"excerpt":{"rendered":"<p>MUNN \u00e9 um grupo equatoriano formado pelos irm\u00e3os Mariela e Miguel Espinosa de los Monteros, e Pablo Molina. Sua m\u00fasica n\u00e3o pretende se encaixar em nenhum g\u00eanero em particular, mas transita pelo trip hop, o rock, o post rock, o eletro pop, e a psicodelia industrial. MUNN \u00e9 um dos grupos mais inovadores da cena [&hellip;]<\/p>\n","protected":false},"author":1,"featured_media":10547,"comment_status":"closed","ping_status":"closed","sticky":false,"template":"","format":"standard","meta":{"footnotes":""},"categories":[218],"tags":[],"class_list":["post-10549","post","type-post","status-publish","format-standard","has-post-thumbnail","hentry","category-noticias-generales-pt"],"lang":"pt","translations":{"pt":10549,"es":10546},"pll_sync_post":[],"post_mailing_queue_ids":[],"_links":{"self":[{"href":"http:\/\/staging.ibermusicas.org\/index.php\/wp-json\/wp\/v2\/posts\/10549","targetHints":{"allow":["GET"]}}],"collection":[{"href":"http:\/\/staging.ibermusicas.org\/index.php\/wp-json\/wp\/v2\/posts"}],"about":[{"href":"http:\/\/staging.ibermusicas.org\/index.php\/wp-json\/wp\/v2\/types\/post"}],"author":[{"embeddable":true,"href":"http:\/\/staging.ibermusicas.org\/index.php\/wp-json\/wp\/v2\/users\/1"}],"replies":[{"embeddable":true,"href":"http:\/\/staging.ibermusicas.org\/index.php\/wp-json\/wp\/v2\/comments?post=10549"}],"version-history":[{"count":1,"href":"http:\/\/staging.ibermusicas.org\/index.php\/wp-json\/wp\/v2\/posts\/10549\/revisions"}],"predecessor-version":[{"id":10550,"href":"http:\/\/staging.ibermusicas.org\/index.php\/wp-json\/wp\/v2\/posts\/10549\/revisions\/10550"}],"wp:featuredmedia":[{"embeddable":true,"href":"http:\/\/staging.ibermusicas.org\/index.php\/wp-json\/wp\/v2\/media\/10547"}],"wp:attachment":[{"href":"http:\/\/staging.ibermusicas.org\/index.php\/wp-json\/wp\/v2\/media?parent=10549"}],"wp:term":[{"taxonomy":"category","embeddable":true,"href":"http:\/\/staging.ibermusicas.org\/index.php\/wp-json\/wp\/v2\/categories?post=10549"},{"taxonomy":"post_tag","embeddable":true,"href":"http:\/\/staging.ibermusicas.org\/index.php\/wp-json\/wp\/v2\/tags?post=10549"}],"curies":[{"name":"wp","href":"https:\/\/api.w.org\/{rel}","templated":true}]}}