{"id":10551,"date":"2021-11-02T17:48:52","date_gmt":"2021-11-02T17:48:52","guid":{"rendered":"http:\/\/staging.ibermusicas.org\/?p=10551"},"modified":"2021-12-03T19:12:56","modified_gmt":"2021-12-03T19:12:56","slug":"la-banda-costarricense-killer-diller-realizara-su-gira-mexicana","status":"publish","type":"post","link":"http:\/\/staging.ibermusicas.org\/index.php\/la-banda-costarricense-killer-diller-realizara-su-gira-mexicana\/","title":{"rendered":"La banda costarricense Killer Diller realizar\u00e1 su gira mexicana"},"content":{"rendered":"<p>La banda nace en el 2015 como una iniciativa de Pedro Le\u00f3n, Nacho P\u00e1ez y Adri\u00e1n \u00c1vila quienes se conoc\u00edan por trabajar juntos previamente, y que junto a Cedric Arends, bajista y tecladista nacido en Aruba, conformaron el n\u00facleo inicial de Killer Diller. El nombre del proyecto surge como un homenaje a la canci\u00f3n hom\u00f3nima del c\u00e9lebre maestro de reggae jamaiquino Jackie Mitoo.<\/p>\n<p>En el a\u00f1o 2016 componen, producen y graban su EP debut titulado \u201cMorning High\u201d y lo publican en el a\u00f1o 2017. Ese mismo a\u00f1o, Brian Torres, quien ya era amigo y compa\u00f1ero musical de la banda, se une como bajista de Killer Diller en sustituci\u00f3n de Cedric Arends. Posteriormente, se une Oscar Kopper como guitarrista y con esta formaci\u00f3n la banda compone y produce durante 2018 y 2019 su \u00e1lbum \u201cGroove is the Truth\u201d, el cu\u00e1l publican el 20 de abril del 2021.<\/p>\n<p>La propuesta musical de Killer Diller es denominada \u201cAcid Reggae\u201d. Se fundamenta en la ra\u00edz e influencia del reggae y el calypso, los cu\u00e1les son g\u00e9neros que han estado presentes durante toda la vida de los integrantes de Killer Diller, y se mezcla con matices de dub, rock progresivo y jazz.<\/p>\n<p>Killer Diller no es una banda purista, al contrario, toma la ra\u00edz que fue heredada como m\u00fasicos costarricenses y se reinventa de manera amplia y libre, brindando una propuesta musical instrumental, din\u00e1mica y vers\u00e1til.<\/p>\n<p>\u00abGroove is the truth\u00bb es la forma en la que Killer Diller desarrolla su estilo de vida, agradable, positivo, sencillo y din\u00e1mico. Como un mandamiento por el que se fundamenta el diario vivir de sus integrantes. Por medio de la m\u00fasica se logra que este \u00abgroove\u00bb se contagie y fundamente una experiencia placentera y duradera en el p\u00fablico.<\/p>\n<p>Jueves 4 de noviembre 20 hs. Foro Cultural Hilvana junto a Lengualerta y Bungalo Dub, CDMX, M\u00e9xico<br \/>\nViernes 5 de noviembre 20 hs. Pizza Caf\u00e9 Jazz DF, CDMX, M\u00e9xico<br \/>\nMi\u00e9rcoles 10 de noviembre 20 hs. Cultural R oots, CDMX, M\u00e9xico<br \/>\nJueves 11 de noviembre 19 hs. Conferencia v\u00eda zoom<br \/>\nViernes 12 de noviembre 20 hs. Sal\u00f3n P\u00farpura, Morelia, M\u00e9xico<br \/>\nS\u00e1bado 13 de noviembre 20 hs. show junto a Los Meketrefes, Morelia, M\u00e9xico<\/p>\n","protected":false},"excerpt":{"rendered":"<p>La banda nace en el 2015 como una iniciativa de Pedro Le\u00f3n, Nacho P\u00e1ez y Adri\u00e1n \u00c1vila quienes se conoc\u00edan por trabajar juntos previamente, y que junto a Cedric Arends, bajista y tecladista nacido en Aruba, conformaron el n\u00facleo inicial de Killer Diller. El nombre del proyecto surge como un homenaje a la canci\u00f3n hom\u00f3nima [&hellip;]<\/p>\n","protected":false},"author":1,"featured_media":10552,"comment_status":"closed","ping_status":"closed","sticky":false,"template":"","format":"standard","meta":{"footnotes":""},"categories":[53],"tags":[],"class_list":["post-10551","post","type-post","status-publish","format-standard","has-post-thumbnail","hentry","category-noticias-generales"],"lang":"es","translations":{"es":10551,"pt":10554},"pll_sync_post":[],"post_mailing_queue_ids":[],"_links":{"self":[{"href":"http:\/\/staging.ibermusicas.org\/index.php\/wp-json\/wp\/v2\/posts\/10551","targetHints":{"allow":["GET"]}}],"collection":[{"href":"http:\/\/staging.ibermusicas.org\/index.php\/wp-json\/wp\/v2\/posts"}],"about":[{"href":"http:\/\/staging.ibermusicas.org\/index.php\/wp-json\/wp\/v2\/types\/post"}],"author":[{"embeddable":true,"href":"http:\/\/staging.ibermusicas.org\/index.php\/wp-json\/wp\/v2\/users\/1"}],"replies":[{"embeddable":true,"href":"http:\/\/staging.ibermusicas.org\/index.php\/wp-json\/wp\/v2\/comments?post=10551"}],"version-history":[{"count":1,"href":"http:\/\/staging.ibermusicas.org\/index.php\/wp-json\/wp\/v2\/posts\/10551\/revisions"}],"predecessor-version":[{"id":10553,"href":"http:\/\/staging.ibermusicas.org\/index.php\/wp-json\/wp\/v2\/posts\/10551\/revisions\/10553"}],"wp:featuredmedia":[{"embeddable":true,"href":"http:\/\/staging.ibermusicas.org\/index.php\/wp-json\/wp\/v2\/media\/10552"}],"wp:attachment":[{"href":"http:\/\/staging.ibermusicas.org\/index.php\/wp-json\/wp\/v2\/media?parent=10551"}],"wp:term":[{"taxonomy":"category","embeddable":true,"href":"http:\/\/staging.ibermusicas.org\/index.php\/wp-json\/wp\/v2\/categories?post=10551"},{"taxonomy":"post_tag","embeddable":true,"href":"http:\/\/staging.ibermusicas.org\/index.php\/wp-json\/wp\/v2\/tags?post=10551"}],"curies":[{"name":"wp","href":"https:\/\/api.w.org\/{rel}","templated":true}]}}