{"id":10554,"date":"2021-11-02T17:50:11","date_gmt":"2021-11-02T17:50:11","guid":{"rendered":"http:\/\/staging.ibermusicas.org\/?p=10554"},"modified":"2021-12-03T19:17:02","modified_gmt":"2021-12-03T19:17:02","slug":"a-banda-costa-riquenha-killer-diller-realizara-sua-turne-mexicana","status":"publish","type":"post","link":"http:\/\/staging.ibermusicas.org\/index.php\/a-banda-costa-riquenha-killer-diller-realizara-sua-turne-mexicana\/","title":{"rendered":"A banda costa-riquenha Killer Diller realizar\u00e1 sua turn\u00ea mexicana"},"content":{"rendered":"<p>A banda nasceu em 2015 como uma iniciativa de Pedro Le\u00f3n, Nacho P\u00e1ez e Adri\u00e1n \u00c1vila que se conheciam por trabalharem juntos previamente, e que junto com Cedric Arends, baixista e tecladista nascido em Aruba, formaram o n\u00facleo inicial de Killer Diller. O nome do projeto surge como uma homenagem \u00e0 can\u00e7\u00e3o hom\u00f4nima do c\u00e9lebre mestre de reggae jamaicano Jackie Mitoo.<\/p>\n<p>Em 2016, eles comp\u00f5em, produzem e gravam seu EP de estr\u00e9ia intitulado \u00abMorning High\u00bb e o publicam em 2017. Nesse mesmo ano, Brian Torres, que j\u00e1 era amigo e companheiro musical da banda, junta-se como baixista de Killer Diller em substitui\u00e7\u00e3o de Cedric Arends. Posteriormente, junta-se Oscar Kopper como guitarrista e com esta forma\u00e7\u00e3o a banda comp\u00f5e e produz durante 2018 e 2019 seu \u00e1lbum \u00abGroove is the Truth\u00bb, o qual publicam em 20 de abril de 2021.<\/p>\n<p>A proposta musical de Killer Diller \u00e9 denominada \u00abAcid Reggae\u00bb. Baseia-se na raiz e influ\u00eancia do reggae e do Calypso, que s\u00e3o g\u00eaneros que estiveram presentes durante toda a vida dos integrantes de Killer Diller, e se mistura com matizes de dub, rock progressivo e jazz.<\/p>\n<p>Killer Diller n\u00e3o \u00e9 uma banda purista, pelo contr\u00e1rio, toma a raiz que foi herdada como m\u00fasicos costa-riquenhos e reinventa-se de forma ampla e livre, oferecendo uma proposta musical instrumental, din\u00e2mica e vers\u00e1til.<\/p>\n<p>\u00abGroove is the Truth\u00bb \u00e9 a forma como Killer Diller desenvolve seu estilo de vida, agrad\u00e1vel, positivo, simples e din\u00e2mico. Como um mandamento pelo qual se fundamenta o di\u00e1rio viver de seus integrantes. Por meio da m\u00fasica se consegue que este \u00abgroove\u00bb se contagie e fundamente uma experi\u00eancia prazerosa e duradoura no p\u00fablico.<\/p>\n<p>Quinta-feira 4 de novembro 20 hs. Foro Cultural Hilvana junto a Lengualerta e Bungalo Dub, CDMX, M\u00e9xico<br \/>\nSexta-feira 5 de novembro 20 hs. Pizza Caf\u00e9 Jazz DF, CDMX, M\u00e9xico<br \/>\nQuarta-feira 10 de novembro 20 hs. Cultural Roots, CDMX, M\u00e9xico<br \/>\nQuinta-feira 11 de novembro 19 hs. Confer\u00eancia via zoom<br \/>\nSexta-feira 12 de novembro 20 hs. Sal\u00e3o P\u00farpura, Morelia, M\u00e9xico<br \/>\nS\u00e1bado 13 de novembro 20 hs. show junto a Los Meketrefes, Morelia, M\u00e9xico<\/p>\n","protected":false},"excerpt":{"rendered":"<p>A banda nasceu em 2015 como uma iniciativa de Pedro Le\u00f3n, Nacho P\u00e1ez e Adri\u00e1n \u00c1vila que se conheciam por trabalharem juntos previamente, e que junto com Cedric Arends, baixista e tecladista nascido em Aruba, formaram o n\u00facleo inicial de Killer Diller. O nome do projeto surge como uma homenagem \u00e0 can\u00e7\u00e3o hom\u00f4nima do c\u00e9lebre [&hellip;]<\/p>\n","protected":false},"author":1,"featured_media":10552,"comment_status":"closed","ping_status":"closed","sticky":false,"template":"","format":"standard","meta":{"footnotes":""},"categories":[218],"tags":[],"class_list":["post-10554","post","type-post","status-publish","format-standard","has-post-thumbnail","hentry","category-noticias-generales-pt"],"lang":"pt","translations":{"pt":10554,"es":10551},"pll_sync_post":[],"post_mailing_queue_ids":[],"_links":{"self":[{"href":"http:\/\/staging.ibermusicas.org\/index.php\/wp-json\/wp\/v2\/posts\/10554","targetHints":{"allow":["GET"]}}],"collection":[{"href":"http:\/\/staging.ibermusicas.org\/index.php\/wp-json\/wp\/v2\/posts"}],"about":[{"href":"http:\/\/staging.ibermusicas.org\/index.php\/wp-json\/wp\/v2\/types\/post"}],"author":[{"embeddable":true,"href":"http:\/\/staging.ibermusicas.org\/index.php\/wp-json\/wp\/v2\/users\/1"}],"replies":[{"embeddable":true,"href":"http:\/\/staging.ibermusicas.org\/index.php\/wp-json\/wp\/v2\/comments?post=10554"}],"version-history":[{"count":1,"href":"http:\/\/staging.ibermusicas.org\/index.php\/wp-json\/wp\/v2\/posts\/10554\/revisions"}],"predecessor-version":[{"id":10555,"href":"http:\/\/staging.ibermusicas.org\/index.php\/wp-json\/wp\/v2\/posts\/10554\/revisions\/10555"}],"wp:featuredmedia":[{"embeddable":true,"href":"http:\/\/staging.ibermusicas.org\/index.php\/wp-json\/wp\/v2\/media\/10552"}],"wp:attachment":[{"href":"http:\/\/staging.ibermusicas.org\/index.php\/wp-json\/wp\/v2\/media?parent=10554"}],"wp:term":[{"taxonomy":"category","embeddable":true,"href":"http:\/\/staging.ibermusicas.org\/index.php\/wp-json\/wp\/v2\/categories?post=10554"},{"taxonomy":"post_tag","embeddable":true,"href":"http:\/\/staging.ibermusicas.org\/index.php\/wp-json\/wp\/v2\/tags?post=10554"}],"curies":[{"name":"wp","href":"https:\/\/api.w.org\/{rel}","templated":true}]}}