{"id":10556,"date":"2021-11-02T17:51:29","date_gmt":"2021-11-02T17:51:29","guid":{"rendered":"http:\/\/staging.ibermusicas.org\/?p=10556"},"modified":"2021-12-03T19:12:49","modified_gmt":"2021-12-03T19:12:49","slug":"el-guitarrista-argentino-demian-ornstein-brindara-su-taller-el-lenguaje-del-jazz-y-la-musica-folkorica-sudamericana","status":"publish","type":"post","link":"http:\/\/staging.ibermusicas.org\/index.php\/el-guitarrista-argentino-demian-ornstein-brindara-su-taller-el-lenguaje-del-jazz-y-la-musica-folkorica-sudamericana\/","title":{"rendered":"El guitarrista argentino Demian Ornstein brindar\u00e1 su taller \u00abEl lenguaje del jazz y la m\u00fasica folk\u00f3rica sudamericana"},"content":{"rendered":"<p>Demian Ornstein es guitarrista y compositor. Es parte del grupo Confluencia. Es docente en la Escuela de M\u00fasica Popular de Avellaneda (EMPA) y docente coordinador del taller de improvisaci\u00f3n sobre M\u00fasica Popular Argentina.<\/p>\n<p>Durante octubre brindar\u00e1 el taller \u00abEl lenguaje del jazz y la m\u00fasica folk\u00f3rica sudamericana\u00bb.<\/p>\n<p>S\u00e1bados 6 y 13 de noviembre de 15 a 18 hs. (hora de Argentina). Modalidad online.<\/p>\n","protected":false},"excerpt":{"rendered":"<p>Demian Ornstein es guitarrista y compositor. Es parte del grupo Confluencia. Es docente en la Escuela de M\u00fasica Popular de Avellaneda (EMPA) y docente coordinador del taller de improvisaci\u00f3n sobre M\u00fasica Popular Argentina. Durante octubre brindar\u00e1 el taller \u00abEl lenguaje del jazz y la m\u00fasica folk\u00f3rica sudamericana\u00bb. S\u00e1bados 6 y 13 de noviembre de 15 [&hellip;]<\/p>\n","protected":false},"author":1,"featured_media":10557,"comment_status":"closed","ping_status":"closed","sticky":false,"template":"","format":"standard","meta":{"footnotes":""},"categories":[53],"tags":[],"class_list":["post-10556","post","type-post","status-publish","format-standard","has-post-thumbnail","hentry","category-noticias-generales"],"lang":"es","translations":{"es":10556,"pt":10559},"pll_sync_post":[],"post_mailing_queue_ids":[],"_links":{"self":[{"href":"http:\/\/staging.ibermusicas.org\/index.php\/wp-json\/wp\/v2\/posts\/10556","targetHints":{"allow":["GET"]}}],"collection":[{"href":"http:\/\/staging.ibermusicas.org\/index.php\/wp-json\/wp\/v2\/posts"}],"about":[{"href":"http:\/\/staging.ibermusicas.org\/index.php\/wp-json\/wp\/v2\/types\/post"}],"author":[{"embeddable":true,"href":"http:\/\/staging.ibermusicas.org\/index.php\/wp-json\/wp\/v2\/users\/1"}],"replies":[{"embeddable":true,"href":"http:\/\/staging.ibermusicas.org\/index.php\/wp-json\/wp\/v2\/comments?post=10556"}],"version-history":[{"count":1,"href":"http:\/\/staging.ibermusicas.org\/index.php\/wp-json\/wp\/v2\/posts\/10556\/revisions"}],"predecessor-version":[{"id":10558,"href":"http:\/\/staging.ibermusicas.org\/index.php\/wp-json\/wp\/v2\/posts\/10556\/revisions\/10558"}],"wp:featuredmedia":[{"embeddable":true,"href":"http:\/\/staging.ibermusicas.org\/index.php\/wp-json\/wp\/v2\/media\/10557"}],"wp:attachment":[{"href":"http:\/\/staging.ibermusicas.org\/index.php\/wp-json\/wp\/v2\/media?parent=10556"}],"wp:term":[{"taxonomy":"category","embeddable":true,"href":"http:\/\/staging.ibermusicas.org\/index.php\/wp-json\/wp\/v2\/categories?post=10556"},{"taxonomy":"post_tag","embeddable":true,"href":"http:\/\/staging.ibermusicas.org\/index.php\/wp-json\/wp\/v2\/tags?post=10556"}],"curies":[{"name":"wp","href":"https:\/\/api.w.org\/{rel}","templated":true}]}}