{"id":10559,"date":"2021-11-02T17:52:24","date_gmt":"2021-11-02T17:52:24","guid":{"rendered":"http:\/\/staging.ibermusicas.org\/?p=10559"},"modified":"2021-12-03T19:16:55","modified_gmt":"2021-12-03T19:16:55","slug":"o-guitarrista-argentino-demian-ornstein-oferecera-sua-oficina-a-linguagem-do-jazz-e-a-musica-folclorica-sul-americana","status":"publish","type":"post","link":"http:\/\/staging.ibermusicas.org\/index.php\/o-guitarrista-argentino-demian-ornstein-oferecera-sua-oficina-a-linguagem-do-jazz-e-a-musica-folclorica-sul-americana\/","title":{"rendered":"O guitarrista argentino Demian Ornstein oferecer\u00e1 sua oficina \u00abA linguagem do jazz e a m\u00fasica folcl\u00f3rica sul-americana"},"content":{"rendered":"<p>Demian Ornstein \u00e9 guitarrista e compositor. Faz parte do grupo Confluencia. \u00c9 docente na Escola de M\u00fasica Popular de Avellaneda (EMPA) e docente coordenador da oficina de improvisa\u00e7\u00e3o sobre M\u00fasica Popular Argentina.<\/p>\n<p>Durante o m\u00eas de outubro realizar\u00e1 a oficina \u00abA Linguagem do Jazz e a M\u00fasica Folcl\u00f3rica Sul-Americana\u00bb.<\/p>\n<p>S\u00e1bados 6 e 13 de novembro de 15 \u00e0s 18 hs. (hora da Argentina). Modalidade online.<\/p>\n","protected":false},"excerpt":{"rendered":"<p>Demian Ornstein \u00e9 guitarrista e compositor. Faz parte do grupo Confluencia. \u00c9 docente na Escola de M\u00fasica Popular de Avellaneda (EMPA) e docente coordenador da oficina de improvisa\u00e7\u00e3o sobre M\u00fasica Popular Argentina. Durante o m\u00eas de outubro realizar\u00e1 a oficina \u00abA Linguagem do Jazz e a M\u00fasica Folcl\u00f3rica Sul-Americana\u00bb. S\u00e1bados 6 e 13 de novembro [&hellip;]<\/p>\n","protected":false},"author":1,"featured_media":10557,"comment_status":"closed","ping_status":"closed","sticky":false,"template":"","format":"standard","meta":{"footnotes":""},"categories":[218],"tags":[],"class_list":["post-10559","post","type-post","status-publish","format-standard","has-post-thumbnail","hentry","category-noticias-generales-pt"],"lang":"pt","translations":{"pt":10559,"es":10556},"pll_sync_post":[],"post_mailing_queue_ids":[],"_links":{"self":[{"href":"http:\/\/staging.ibermusicas.org\/index.php\/wp-json\/wp\/v2\/posts\/10559","targetHints":{"allow":["GET"]}}],"collection":[{"href":"http:\/\/staging.ibermusicas.org\/index.php\/wp-json\/wp\/v2\/posts"}],"about":[{"href":"http:\/\/staging.ibermusicas.org\/index.php\/wp-json\/wp\/v2\/types\/post"}],"author":[{"embeddable":true,"href":"http:\/\/staging.ibermusicas.org\/index.php\/wp-json\/wp\/v2\/users\/1"}],"replies":[{"embeddable":true,"href":"http:\/\/staging.ibermusicas.org\/index.php\/wp-json\/wp\/v2\/comments?post=10559"}],"version-history":[{"count":1,"href":"http:\/\/staging.ibermusicas.org\/index.php\/wp-json\/wp\/v2\/posts\/10559\/revisions"}],"predecessor-version":[{"id":10560,"href":"http:\/\/staging.ibermusicas.org\/index.php\/wp-json\/wp\/v2\/posts\/10559\/revisions\/10560"}],"wp:featuredmedia":[{"embeddable":true,"href":"http:\/\/staging.ibermusicas.org\/index.php\/wp-json\/wp\/v2\/media\/10557"}],"wp:attachment":[{"href":"http:\/\/staging.ibermusicas.org\/index.php\/wp-json\/wp\/v2\/media?parent=10559"}],"wp:term":[{"taxonomy":"category","embeddable":true,"href":"http:\/\/staging.ibermusicas.org\/index.php\/wp-json\/wp\/v2\/categories?post=10559"},{"taxonomy":"post_tag","embeddable":true,"href":"http:\/\/staging.ibermusicas.org\/index.php\/wp-json\/wp\/v2\/tags?post=10559"}],"curies":[{"name":"wp","href":"https:\/\/api.w.org\/{rel}","templated":true}]}}