{"id":10561,"date":"2021-11-02T17:54:11","date_gmt":"2021-11-02T17:54:11","guid":{"rendered":"http:\/\/staging.ibermusicas.org\/?p=10561"},"modified":"2021-11-02T17:54:11","modified_gmt":"2021-11-02T17:54:11","slug":"ya-se-puede-acceder-a-los-siete-conciertos-realizados-en-el-marco-de-conexion-sonica-2021","status":"publish","type":"post","link":"http:\/\/staging.ibermusicas.org\/index.php\/ya-se-puede-acceder-a-los-siete-conciertos-realizados-en-el-marco-de-conexion-sonica-2021\/","title":{"rendered":"Ya se puede acceder a los siete conciertos realizados en el marco de Conexi\u00f3n S\u00f3nica 2021"},"content":{"rendered":"<p>Del 20 al 26 de septiembre de 2021, se llev\u00f3 a cabo el festival virtual Conexi\u00f3n S\u00f3nica, un evento organizado por Conexiones Culturales de Latinoam\u00e9rica (CCLA), una red de trabajo que re\u00fane a profesionales del sector musical en 11 pa\u00edses del continente americano, incluyendo festivales, espacios esc\u00e9nicos, agencias de representaci\u00f3n art\u00edstica, productoras y consultoras art\u00edsticas, entre otros perfiles.<\/p>\n<p>El evento present\u00f3 siete bandas de Am\u00e9rica Latina que exploran las conexiones musicales a trav\u00e9s de los l\u00edmites imaginarios de la cultura y la geograf\u00eda. Fue una serie que mostr\u00f3 propuestas musicales que entrelazan el legado cultural ancestral de la regi\u00f3n con expresiones contempor\u00e1neas. M\u00e1s all\u00e1 de la mezcla de g\u00e9neros, Conexi\u00f3n S\u00f3nica apunt\u00f3 a la fusi\u00f3n de temporalidades y periodos hist\u00f3ricos, para proponer di\u00e1logos culturales intergeneracionales.<\/p>\n<p>Han sido parte de esta edici\u00f3n de Conexi\u00f3n S\u00f3nica:<br \/>\nPedro Mart\u00ednez y Sixto Corbal\u00e1n (Paraguay),<br \/>\nBanda la Tribu (Panam\u00e1),<br \/>\nPhonocl\u00f3rica (Colombia),<br \/>\nRombos (Costa Rica),<br \/>\nEntrama (Chile),<br \/>\nRadio Cutipa (Bolivia)<br \/>\ny Numano Suto (Colombia)<\/p>\n<p>La programaci\u00f3n completa del festival se puede ver y escuchar en:\u00a0<a href=\"https:\/\/lt.mydplr.com\/69416815a67901ed21eda18ae5937df2-81868bec073b3970fa62af291f12b42d\" target=\"_blank\" rel=\"noopener\" data-saferedirecturl=\"https:\/\/www.google.com\/url?q=https:\/\/lt.mydplr.com\/69416815a67901ed21eda18ae5937df2-81868bec073b3970fa62af291f12b42d&amp;source=gmail&amp;ust=1635957758032000&amp;usg=AFQjCNFfFAHjknzmI6T8w_vr7hUstkEzAw\">www.conexionesculturales.com<\/a><\/p>\n","protected":false},"excerpt":{"rendered":"<p>Del 20 al 26 de septiembre de 2021, se llev\u00f3 a cabo el festival virtual Conexi\u00f3n S\u00f3nica, un evento organizado por Conexiones Culturales de Latinoam\u00e9rica (CCLA), una red de trabajo que re\u00fane a profesionales del sector musical en 11 pa\u00edses del continente americano, incluyendo festivales, espacios esc\u00e9nicos, agencias de representaci\u00f3n art\u00edstica, productoras y consultoras art\u00edsticas, [&hellip;]<\/p>\n","protected":false},"author":1,"featured_media":10563,"comment_status":"closed","ping_status":"closed","sticky":false,"template":"","format":"standard","meta":{"footnotes":""},"categories":[53],"tags":[],"class_list":["post-10561","post","type-post","status-publish","format-standard","has-post-thumbnail","hentry","category-noticias-generales"],"lang":"es","translations":{"es":10561,"pt":10565},"pll_sync_post":[],"post_mailing_queue_ids":[],"_links":{"self":[{"href":"http:\/\/staging.ibermusicas.org\/index.php\/wp-json\/wp\/v2\/posts\/10561","targetHints":{"allow":["GET"]}}],"collection":[{"href":"http:\/\/staging.ibermusicas.org\/index.php\/wp-json\/wp\/v2\/posts"}],"about":[{"href":"http:\/\/staging.ibermusicas.org\/index.php\/wp-json\/wp\/v2\/types\/post"}],"author":[{"embeddable":true,"href":"http:\/\/staging.ibermusicas.org\/index.php\/wp-json\/wp\/v2\/users\/1"}],"replies":[{"embeddable":true,"href":"http:\/\/staging.ibermusicas.org\/index.php\/wp-json\/wp\/v2\/comments?post=10561"}],"version-history":[{"count":1,"href":"http:\/\/staging.ibermusicas.org\/index.php\/wp-json\/wp\/v2\/posts\/10561\/revisions"}],"predecessor-version":[{"id":10564,"href":"http:\/\/staging.ibermusicas.org\/index.php\/wp-json\/wp\/v2\/posts\/10561\/revisions\/10564"}],"wp:featuredmedia":[{"embeddable":true,"href":"http:\/\/staging.ibermusicas.org\/index.php\/wp-json\/wp\/v2\/media\/10563"}],"wp:attachment":[{"href":"http:\/\/staging.ibermusicas.org\/index.php\/wp-json\/wp\/v2\/media?parent=10561"}],"wp:term":[{"taxonomy":"category","embeddable":true,"href":"http:\/\/staging.ibermusicas.org\/index.php\/wp-json\/wp\/v2\/categories?post=10561"},{"taxonomy":"post_tag","embeddable":true,"href":"http:\/\/staging.ibermusicas.org\/index.php\/wp-json\/wp\/v2\/tags?post=10561"}],"curies":[{"name":"wp","href":"https:\/\/api.w.org\/{rel}","templated":true}]}}