{"id":10570,"date":"2021-11-02T18:48:51","date_gmt":"2021-11-02T18:48:51","guid":{"rendered":"http:\/\/staging.ibermusicas.org\/?p=10570"},"modified":"2021-12-03T19:16:48","modified_gmt":"2021-12-03T19:16:48","slug":"se-llevara-a-cabo-en-argentina-el-festival-matriz-pachamama-glitter-2","status":"publish","type":"post","link":"http:\/\/staging.ibermusicas.org\/index.php\/se-llevara-a-cabo-en-argentina-el-festival-matriz-pachamama-glitter-2\/","title":{"rendered":"Se llevar\u00e1 a cabo, en Argentina, el FESTIVAL MATRIZ &#8211; Pachamama &#038; Glitter"},"content":{"rendered":"<p>Matriz\u201d es una colectiva transfeminista de musicxs, sonidistxs, gestorxs y productorxs de Zona Norte de Buenos Aires que nace durante el a\u00f1o 2019 con el objetivo de fortalecer redes entre lxs integrantes del sector musical del Conurbano Norte, favorecer la visibilizaci\u00f3n de sus trabajos como artistas, y colaborar con la implementaci\u00f3n de la Ley de Cupo femenino en\u00a0 los escenarios del distrito. Tambi\u00e9n se plantea como objetivo instalar en la agenda medi\u00e1tica local cuestiones de g\u00e9nero.<\/p>\n<p>Desde su fundaci\u00f3n, la Colectiva llev\u00f3 adelante un ciclo de programaci\u00f3n 100% femenina, inici\u00f3 el desarrollo de un Directorio de Mujeres M\u00fasicas locales y estableci\u00f3 contacto con los gobiernos de los municipios de San Fernando y Tigre con la perspectiva de poder articular para efectivizar la implementaci\u00f3n de lo estipulado por la Ley Nacional de Cupo Femenino en los escenarios y trazar pol\u00edticas p\u00fablicas que contemplen mayor igualdad de oportunidades laborales para las mujeres en la regi\u00f3n.<\/p>\n<p>En tiempo de pandemia, realiz\u00f3 la grabaci\u00f3n de la canci\u00f3n \u201cDerecho de nacimiento\u201d de Natalia Lafourcade de manera colectiva desde la casa de cada una de las integrantes y llev\u00f3 adelante el lanzamiento el 3 de junio del corriente, con motivo de la jornada mundial de \u201cNiUnaMenos\u201d.<\/p>\n<p>Se encuentra organizando el Festival \u201cMatriz &#8211; Pachamama y Glitter\u201d presentado y aprobado por el Programa Iberm\u00fasicas que consistir\u00e1 en la realizaci\u00f3n de jornadas art\u00edsticas presenciales y virtuales en el marco de la semana del 4 al 7 de Noviembre de 2021. Desde la producci\u00f3n, lxs artistxs y trabajadorxs del campo t\u00e9cnico, el equipo estar\u00e1 compuesto por mujeres y disidencias de la regi\u00f3n latinoamericana. Se realizar\u00e1n entrevistas con &#8216;mini-conciertos&#8217; a m\u00fasicxs latinoamericanxs, talleres, conversatorios y conciertos en vivo.<\/p>\n<p>El mismo se realizar\u00e1 \u00a0contando con el auspicio del Programa Iberm\u00fasicas, el INAMU y el Ministerio de Cultura de la Naci\u00f3n.<\/p>\n<p>CRONOGRAMA DE ACTIVIDADES<br \/>\nARTISTAS VISUALES y MUESTRA DE FOTOGRAF\u00cdA<br \/>\nNos estar\u00e1n acompa\u00f1ando durante todo el Festival realizando distintas intervenciones: Lorena Caceffo,<br \/>\nGraciela Cid Benitez, Mar\u00eda de las Claritas, Vale Lamat, Lorena Fiumana, Mercedes Martinez, Aleema Curri,<br \/>\nEuge Azar, Sabri Ciccarelli y Ornella Cassinerio.<\/p>\n<p>JUEVES 4<br \/>\n17hs Apertura VIDEO INSTITUCIONAL MATRIZ &#8211; Palabras de presentaci\u00f3n<br \/>\n17.30hs Taller HACKEO ESTEREOTIPOS EN EL TANGO &#8211; Sole Clavell<br \/>\n18.30hs \u00abExistimxs y Resistimos\u00bb Colectivo Trans San Fernando &#8211; Peque\u00f1as historias de vida &#8211; Entrevista a compa\u00f1eres<br \/>\n19hs CANCIONES DE LA MATRIA &#8211; Una versi\u00f3n del himno que nos nombre<\/p>\n<p>VIERNES 5<br \/>\n17hs CONVERSATORIO G\u00e9nero y diversidades en el arte &#8211; Con la participaci\u00f3n de integrantes de AMMURA,<br \/>\nRED TRUENA (Tucum\u00e1n), MUSICAS DE LUJ\u00c1N, COLECTIVA P\u00c1JARA y RUTA ANDINA (Bolivia??)<br \/>\n18.30hs Concierto y Entrevista LAS JUANAS (M\u00e9xico??)<br \/>\n19.15hs Concierto y Entrevista ANDREA TOSTANO (Colombia??)<br \/>\n21hs Cierre de jornada &#8211; ROC\u00cdO FR\u00cdAS y MATRIZ en Concierto<\/p>\n<p>S\u00c1BADO 6<br \/>\n17hs Taller VISIBILIZARSE EN REDES SOCIALES &#8211; Caro Trosman de INDIA COMUNICACION<br \/>\n18:30hs Taller ESCRITURA DE COPLAS CON PERSPECTIVA DE G\u00c9NERO &#8211; Raquel Varas y Tere Mendez<br \/>\n19.30hs SABRINA MIDLEY presenta Concierto en casa: Viento que trae<br \/>\n19.50hs Entrevista y mini concierto a LORENA CARPANCHAY (Salta)<br \/>\n21hs CINTIA \u00c1REVALO en concierto presenta su EP \u00abNavegante\u00bb<br \/>\n21.50hs ORNELLA CASSINERIO y MERCEDES PEREZ: Espect\u00e1culo \u00abLa Huesera\u00bb<br \/>\n22hs CECILIA GAUNA en concierto<\/p>\n<p>DOMINGO 7<br \/>\n16hs MARIELA DE LA SOTA presenta \u201cLa manta de las Historias\u201d<br \/>\n17hs COPLERES DEL HUMEDAL + ORQUESTA AT\u00cdPICA DE FANGO + MATRIZ cierre con canciones &#8211; En<br \/>\nVivo en el Paseo Lorca<\/p>\n","protected":false},"excerpt":{"rendered":"<p>Matriz\u201d es una colectiva transfeminista de musicxs, sonidistxs, gestorxs y productorxs de Zona Norte de Buenos Aires que nace durante el a\u00f1o 2019 con el objetivo de fortalecer redes entre lxs integrantes del sector musical del Conurbano Norte, favorecer la visibilizaci\u00f3n de sus trabajos como artistas, y colaborar con la implementaci\u00f3n de la Ley de [&hellip;]<\/p>\n","protected":false},"author":1,"featured_media":10568,"comment_status":"closed","ping_status":"closed","sticky":false,"template":"","format":"standard","meta":{"footnotes":""},"categories":[218],"tags":[],"class_list":["post-10570","post","type-post","status-publish","format-standard","has-post-thumbnail","hentry","category-noticias-generales-pt"],"lang":"pt","translations":{"pt":10570},"pll_sync_post":[],"post_mailing_queue_ids":[],"_links":{"self":[{"href":"http:\/\/staging.ibermusicas.org\/index.php\/wp-json\/wp\/v2\/posts\/10570","targetHints":{"allow":["GET"]}}],"collection":[{"href":"http:\/\/staging.ibermusicas.org\/index.php\/wp-json\/wp\/v2\/posts"}],"about":[{"href":"http:\/\/staging.ibermusicas.org\/index.php\/wp-json\/wp\/v2\/types\/post"}],"author":[{"embeddable":true,"href":"http:\/\/staging.ibermusicas.org\/index.php\/wp-json\/wp\/v2\/users\/1"}],"replies":[{"embeddable":true,"href":"http:\/\/staging.ibermusicas.org\/index.php\/wp-json\/wp\/v2\/comments?post=10570"}],"version-history":[{"count":1,"href":"http:\/\/staging.ibermusicas.org\/index.php\/wp-json\/wp\/v2\/posts\/10570\/revisions"}],"predecessor-version":[{"id":10571,"href":"http:\/\/staging.ibermusicas.org\/index.php\/wp-json\/wp\/v2\/posts\/10570\/revisions\/10571"}],"wp:featuredmedia":[{"embeddable":true,"href":"http:\/\/staging.ibermusicas.org\/index.php\/wp-json\/wp\/v2\/media\/10568"}],"wp:attachment":[{"href":"http:\/\/staging.ibermusicas.org\/index.php\/wp-json\/wp\/v2\/media?parent=10570"}],"wp:term":[{"taxonomy":"category","embeddable":true,"href":"http:\/\/staging.ibermusicas.org\/index.php\/wp-json\/wp\/v2\/categories?post=10570"},{"taxonomy":"post_tag","embeddable":true,"href":"http:\/\/staging.ibermusicas.org\/index.php\/wp-json\/wp\/v2\/tags?post=10570"}],"curies":[{"name":"wp","href":"https:\/\/api.w.org\/{rel}","templated":true}]}}