{"id":10710,"date":"2021-11-16T17:30:40","date_gmt":"2021-11-16T17:30:40","guid":{"rendered":"http:\/\/staging.ibermusicas.org\/?p=10710"},"modified":"2021-12-03T19:16:35","modified_gmt":"2021-12-03T19:16:35","slug":"chega-feminas-sonoras-o-projeto-que-envolve-mexico-brasil-e-costa-rica-na-estreia-de-obras-audiovisuais-para-cello-eletrico","status":"publish","type":"post","link":"http:\/\/staging.ibermusicas.org\/index.php\/chega-feminas-sonoras-o-projeto-que-envolve-mexico-brasil-e-costa-rica-na-estreia-de-obras-audiovisuais-para-cello-eletrico\/","title":{"rendered":"Chega \u00abF\u00e9minas Sonoras\u00bb, o projeto que envolve M\u00e9xico, Brasil e Costa Rica na estreia de obras audiovisuais para cello el\u00e9trico"},"content":{"rendered":"<p>As artistas Iracema de Andrade (Brasil\/M\u00e9xico), Adela Mar\u00edn (Costa Rica) e Jessica A. Rodr\u00edguez (M\u00e9xico) se reuniram para criar novas obras que combinam sons eletroac\u00fasticos, violoncelo el\u00e9trico de 5 cordas e suporte visual.<\/p>\n<p>Iracema de Andrade \u00e9 uma artista vers\u00e1til e comprometida com as express\u00f5es de seu tempo. Reconhecida pelo seu trabalho em torno dos repert\u00f3rios que utilizam meios eletroac\u00fasticos, visuais, interdisciplinares e improvisa\u00e7\u00e3o, gerou ao longo de sua trajet\u00f3ria um importante n\u00famero de obras para seu instrumento. Ao longo da sua carreira, Adela Mar\u00edn concentrou-se na produ\u00e7\u00e3o fotogr\u00e1fica, no desenho, na videoarte e na instala\u00e7\u00e3o, com uma forte liga\u00e7\u00e3o aos temas do corpo, do \u00edntimo e da arqueologia familiar. Jessica A. Rodr\u00edguez desenvolveu exerc\u00edcios \u00e1udio-visuais dentro de plataformas para performance ao vivo, tomando teorias e pr\u00e1ticas do live Coding a fim de implementar uma linguagem de programa\u00e7\u00e3o para performance musical-visual em tempo real.<\/p>\n<p>O encontro entre estas mulheres criadoras gerou uma intensa sinergia que resultou no surgimento de quatro novas obras (Espectros de \u00c1gua, Rabeca, C\u00e9u da Boca e Ron\u00edn), onde o sonoro dialoga e se retroalimenta do visual. Este jogo de intera\u00e7\u00f5es m\u00fatuas abrangeu universos simb\u00f3licos arquet\u00edpicos &#8211; que v\u00e3o desde a mem\u00f3ria geneal\u00f3gica, os elementos, a g\u00eanese do verbo, at\u00e9 a desconstru\u00e7\u00e3o da gestualidade corporal &#8211; que ao mesmo tempo se inspira e inspirou mundos s\u00f3nicos alternativos.<\/p>\n<p>No plano sonoro electroac\u00fastico F\u00e9minas Sonoras explora a desconstru\u00e7\u00e3o espectral de sons do violoncelo, apropria-se de paisagens sonoras do Brasil, faz refer\u00eancia \u00e0 tradi\u00e7\u00e3o da m\u00fasica popular de Pernambuco, emula cantos xam\u00e2nicos do Amazonas e o poder da voz como par\u00e1frasis do verbo que cria. Ru\u00eddos e espectros produziram imagens que dan\u00e7am. Ao mesmo tempo, essas vis\u00f5es fazem os sons dan\u00e7arem. Este loop de feedback presente nas obras funge como uma met\u00e1fora da pr\u00f3pria vida que se repete e se reconfigura de maneira cont\u00ednua atrav\u00e9s do tempo.<\/p>\n<p>S\u00e1bado 18 de novembro, 18 hs. Cidade do M\u00e9xico. M\u00e9xico.<br \/>\nDomingo 21 de novembro, 18 hs. Cidade do M\u00e9xico. M\u00e9xico.<br \/>\n<a href=\"https:\/\/lt.mydplr.com\/314871a18f27079b448a6df570bce869-81868bec073b3970fa62af291f12b42d\" target=\"_blank\" rel=\"noopener\" data-saferedirecturl=\"https:\/\/www.google.com\/url?q=https:\/\/lt.mydplr.com\/314871a18f27079b448a6df570bce869-81868bec073b3970fa62af291f12b42d&amp;source=gmail&amp;ust=1637167710984000&amp;usg=AOvVaw10EiJQE1YYio-wyaqQYWxp\">youtube.com<\/a><\/p>\n","protected":false},"excerpt":{"rendered":"<p>As artistas Iracema de Andrade (Brasil\/M\u00e9xico), Adela Mar\u00edn (Costa Rica) e Jessica A. Rodr\u00edguez (M\u00e9xico) se reuniram para criar novas obras que combinam sons eletroac\u00fasticos, violoncelo el\u00e9trico de 5 cordas e suporte visual. Iracema de Andrade \u00e9 uma artista vers\u00e1til e comprometida com as express\u00f5es de seu tempo. Reconhecida pelo seu trabalho em torno dos [&hellip;]<\/p>\n","protected":false},"author":1,"featured_media":10708,"comment_status":"closed","ping_status":"closed","sticky":false,"template":"","format":"standard","meta":{"footnotes":""},"categories":[218],"tags":[],"class_list":["post-10710","post","type-post","status-publish","format-standard","has-post-thumbnail","hentry","category-noticias-generales-pt"],"lang":"pt","translations":{"pt":10710,"es":10706},"pll_sync_post":[],"post_mailing_queue_ids":[],"_links":{"self":[{"href":"http:\/\/staging.ibermusicas.org\/index.php\/wp-json\/wp\/v2\/posts\/10710","targetHints":{"allow":["GET"]}}],"collection":[{"href":"http:\/\/staging.ibermusicas.org\/index.php\/wp-json\/wp\/v2\/posts"}],"about":[{"href":"http:\/\/staging.ibermusicas.org\/index.php\/wp-json\/wp\/v2\/types\/post"}],"author":[{"embeddable":true,"href":"http:\/\/staging.ibermusicas.org\/index.php\/wp-json\/wp\/v2\/users\/1"}],"replies":[{"embeddable":true,"href":"http:\/\/staging.ibermusicas.org\/index.php\/wp-json\/wp\/v2\/comments?post=10710"}],"version-history":[{"count":1,"href":"http:\/\/staging.ibermusicas.org\/index.php\/wp-json\/wp\/v2\/posts\/10710\/revisions"}],"predecessor-version":[{"id":10711,"href":"http:\/\/staging.ibermusicas.org\/index.php\/wp-json\/wp\/v2\/posts\/10710\/revisions\/10711"}],"wp:featuredmedia":[{"embeddable":true,"href":"http:\/\/staging.ibermusicas.org\/index.php\/wp-json\/wp\/v2\/media\/10708"}],"wp:attachment":[{"href":"http:\/\/staging.ibermusicas.org\/index.php\/wp-json\/wp\/v2\/media?parent=10710"}],"wp:term":[{"taxonomy":"category","embeddable":true,"href":"http:\/\/staging.ibermusicas.org\/index.php\/wp-json\/wp\/v2\/categories?post=10710"},{"taxonomy":"post_tag","embeddable":true,"href":"http:\/\/staging.ibermusicas.org\/index.php\/wp-json\/wp\/v2\/tags?post=10710"}],"curies":[{"name":"wp","href":"https:\/\/api.w.org\/{rel}","templated":true}]}}