{"id":10712,"date":"2021-11-16T17:35:32","date_gmt":"2021-11-16T17:35:32","guid":{"rendered":"http:\/\/staging.ibermusicas.org\/?p=10712"},"modified":"2021-12-03T19:12:21","modified_gmt":"2021-12-03T19:12:21","slug":"la-compositora-mexicana-hilda-paredes-estrena-en-sevilla-su-obra-epitafio-junto-a-taller-sonoro-de-espana","status":"publish","type":"post","link":"http:\/\/staging.ibermusicas.org\/index.php\/la-compositora-mexicana-hilda-paredes-estrena-en-sevilla-su-obra-epitafio-junto-a-taller-sonoro-de-espana\/","title":{"rendered":"La compositora mexicana Hilda Paredes estrena en Sevilla su obra \u201cEpitafio\u201d junto a Taller Sonoro de Espa\u00f1a"},"content":{"rendered":"<p>Epitafio ha sido realizada por encargo del grupo instrumental espa\u00f1ol Taller Sonoro, con motivo de su vig\u00e9simo aniversario y ser\u00e1 estrenada en noviembre de 2021 en Sevilla. La obra explora las habilidades de los m\u00fasicos y sus instrumentos que son realzados a trav\u00e9s de la trasformaci\u00f3n de procesos de granulaci\u00f3n y filtros que refuerzan diferentes \u00e1reas del espectro sonoro arm\u00f3nico en diversos momentos de la obra.<\/p>\n<p>Adem\u00e1s de la espacializaci\u00f3n cuadraf\u00f3nica, la partitura incluye tambi\u00e9n el movimiento ac\u00fastico dentro y fuera del escenario de los instrumentos de alientos, como met\u00e1fora po\u00e9tica a los tiempos dif\u00edciles por los que hemos estado atravesando. La obra ha sido posible gracias al apoyo del programa de Iberm\u00fasicas, el Sistema Nacional de Creadores de arte de la Secretar\u00eda de Cultura (M\u00e9xico) y la Fundaci\u00f3n Siemens.<\/p>\n<p>La parte tecnol\u00f3gica fue realizada en colaboraci\u00f3n con Thomas Hummel del Heinrich Str\u00f6bel Experimentalstudio del SWR de Friburgo y la espaciazilaci\u00f3n en colaboraci\u00f3n con Javier Campana.<\/p>\n<p>Nacida en Tehuac\u00e1n, Puebla (M\u00e9xico), Hilda Paredes reside en Londres desde hace varias d\u00e9cadas, habi\u00e9ndose establecido firmemente a nivel internacional como una de las compositoras m\u00e1s importantes de su generaci\u00f3n. La calidad de su trabajo, que viene marcado por la intensidad de la relaci\u00f3n entre el tiempo, la fuerza dram\u00e1tica y la aproximaci\u00f3n po\u00e9tica, le ha valido el reconocimiento de la cr\u00edtica internacional. Ha sido galardonada con importantes reconocimientos internacionales, como el Rockefeller, el Fund for Culture Mexico\/USA, el Sistema Nacional de Creadores o el PRS for Music Foundation. Con este concierto, se refuerza la colaboraci\u00f3n surgida entre la compositora Hilda Paredes y el ensemble Taller Sonoro gracias a la nominaci\u00f3n como profesora del Curso de An\u00e1lisis y Composici\u00f3n \u00abC\u00e1tedra Manuel de Falla 2019\u00bb.<\/p>\n<p>Taller sonoro est\u00e1 integrado por Jes\u00fas S\u00e1nchez Valladares, flauta; Camilo Irizo, clarinete; Miguel Romero, saxof\u00f3n; J. Baldomero Llorens, percusi\u00f3n; Ignacio Torner, piano; Alejandro Tu\u00f1\u00f3n, viol\u00edn; M\u00aa del Carmen Coronado, violonchelo y Javier Campa\u00f1a, electr\u00f3nica;<\/p>\n<p>\u201cEpitafio fue escrita en memoria de mi madre quien falleci\u00f3 en la Ciudad de M\u00e9xico a principios del 2021, muy lejos de m\u00ed y con la imposibilidad de viajar en los tiempos del Covid, quise otorgar este tributo a una mujer excepcional\u201d.<\/p>\n<p>S\u00e1bado 20 de noviembre 20:00 hs. Espacio Turina. Sala Silvio. Pl. de S. Francisco, 19, Sevilla, Espa\u00f1a<\/p>\n","protected":false},"excerpt":{"rendered":"<p>Epitafio ha sido realizada por encargo del grupo instrumental espa\u00f1ol Taller Sonoro, con motivo de su vig\u00e9simo aniversario y ser\u00e1 estrenada en noviembre de 2021 en Sevilla. La obra explora las habilidades de los m\u00fasicos y sus instrumentos que son realzados a trav\u00e9s de la trasformaci\u00f3n de procesos de granulaci\u00f3n y filtros que refuerzan diferentes [&hellip;]<\/p>\n","protected":false},"author":1,"featured_media":10713,"comment_status":"closed","ping_status":"closed","sticky":false,"template":"","format":"standard","meta":{"footnotes":""},"categories":[53],"tags":[],"class_list":["post-10712","post","type-post","status-publish","format-standard","has-post-thumbnail","hentry","category-noticias-generales"],"lang":"es","translations":{"es":10712,"pt":10715},"pll_sync_post":[],"post_mailing_queue_ids":[],"_links":{"self":[{"href":"http:\/\/staging.ibermusicas.org\/index.php\/wp-json\/wp\/v2\/posts\/10712","targetHints":{"allow":["GET"]}}],"collection":[{"href":"http:\/\/staging.ibermusicas.org\/index.php\/wp-json\/wp\/v2\/posts"}],"about":[{"href":"http:\/\/staging.ibermusicas.org\/index.php\/wp-json\/wp\/v2\/types\/post"}],"author":[{"embeddable":true,"href":"http:\/\/staging.ibermusicas.org\/index.php\/wp-json\/wp\/v2\/users\/1"}],"replies":[{"embeddable":true,"href":"http:\/\/staging.ibermusicas.org\/index.php\/wp-json\/wp\/v2\/comments?post=10712"}],"version-history":[{"count":1,"href":"http:\/\/staging.ibermusicas.org\/index.php\/wp-json\/wp\/v2\/posts\/10712\/revisions"}],"predecessor-version":[{"id":10714,"href":"http:\/\/staging.ibermusicas.org\/index.php\/wp-json\/wp\/v2\/posts\/10712\/revisions\/10714"}],"wp:featuredmedia":[{"embeddable":true,"href":"http:\/\/staging.ibermusicas.org\/index.php\/wp-json\/wp\/v2\/media\/10713"}],"wp:attachment":[{"href":"http:\/\/staging.ibermusicas.org\/index.php\/wp-json\/wp\/v2\/media?parent=10712"}],"wp:term":[{"taxonomy":"category","embeddable":true,"href":"http:\/\/staging.ibermusicas.org\/index.php\/wp-json\/wp\/v2\/categories?post=10712"},{"taxonomy":"post_tag","embeddable":true,"href":"http:\/\/staging.ibermusicas.org\/index.php\/wp-json\/wp\/v2\/tags?post=10712"}],"curies":[{"name":"wp","href":"https:\/\/api.w.org\/{rel}","templated":true}]}}