{"id":10720,"date":"2021-11-16T17:41:15","date_gmt":"2021-11-16T17:41:15","guid":{"rendered":"http:\/\/staging.ibermusicas.org\/?p=10720"},"modified":"2021-12-03T19:16:23","modified_gmt":"2021-12-03T19:16:23","slug":"a-orquestra-infantil-ernesto-guarda-carrasco-do-chile-realizara-um-concerto-virtual-junto-a-inti-illimani","status":"publish","type":"post","link":"http:\/\/staging.ibermusicas.org\/index.php\/a-orquestra-infantil-ernesto-guarda-carrasco-do-chile-realizara-um-concerto-virtual-junto-a-inti-illimani\/","title":{"rendered":"A Orquestra Infantil Ernesto Guarda Carrasco do Chile realizar\u00e1 um concerto virtual junto a Inti Illimani"},"content":{"rendered":"<p>A Orquestra Infantil Ernesto Guarda Carrasco trabalha um repert\u00f3rio de m\u00fasica latino-americana e chilena com composi\u00e7\u00f5es e arranjos especialmente criados para a orquestra, incorporando \u00e0 forma\u00e7\u00e3o cl\u00e1ssica de orquestra sinf\u00f3nica instrumentos e sonoridades pr\u00f3prias da m\u00fasica popular. Isto lhe confere uma identidade musical que tem muito em comum com o grupo Inti Illimani, referente da M\u00fasica Chilena no Mundo. O concerto contar\u00e1 com 12 m\u00fasicas no total, quatro da orquestra egc, quatro de Inti Illimani e quatro em comum.<\/p>\n<p>O grupo tem uma hist\u00f3ria de quase vinte anos e os \u00faltimos sete t\u00eam estado a cargo de seu atual diretor, o professor de m\u00fasica Alejandro Torres Farf\u00e1n, que trabalhou na elabora\u00e7\u00e3o de um repert\u00f3rio original que d\u00e1 conta de uma identidade pr\u00f3pria do conjunto como orquestra.<\/p>\n<p>A orquestra se apresentou em cen\u00e1rios do Chile, Argentina e Peru, compartilhando o palco com m\u00fasicos como Jaime Barr\u00eda de Bordemar, o grupo Tengo pal Truco de Argentina e Inti Illimani. Em 2017 a orquestra gravou um primeiro disco e em novembro de 2018 fizeram uma turn\u00ea pela Alemanha e Rep\u00fablica Tcheca. Ao mesmo tempo, este grupo \u00e9 organizador do Festival Soamos Latinoam\u00e9rica de crian\u00e7as de Valdivia.<\/p>\n<p>Sexta-feira 19 de novembro, 19:30 hs. pelo canal de Youtube do Col\u00e9gio Bach e o canal de Youtube de Inti Illimani.<\/p>\n","protected":false},"excerpt":{"rendered":"<p>A Orquestra Infantil Ernesto Guarda Carrasco trabalha um repert\u00f3rio de m\u00fasica latino-americana e chilena com composi\u00e7\u00f5es e arranjos especialmente criados para a orquestra, incorporando \u00e0 forma\u00e7\u00e3o cl\u00e1ssica de orquestra sinf\u00f3nica instrumentos e sonoridades pr\u00f3prias da m\u00fasica popular. Isto lhe confere uma identidade musical que tem muito em comum com o grupo Inti Illimani, referente da [&hellip;]<\/p>\n","protected":false},"author":1,"featured_media":10718,"comment_status":"closed","ping_status":"closed","sticky":false,"template":"","format":"standard","meta":{"footnotes":""},"categories":[218],"tags":[],"class_list":["post-10720","post","type-post","status-publish","format-standard","has-post-thumbnail","hentry","category-noticias-generales-pt"],"lang":"pt","translations":{"pt":10720,"es":10717},"pll_sync_post":[],"post_mailing_queue_ids":[],"_links":{"self":[{"href":"http:\/\/staging.ibermusicas.org\/index.php\/wp-json\/wp\/v2\/posts\/10720","targetHints":{"allow":["GET"]}}],"collection":[{"href":"http:\/\/staging.ibermusicas.org\/index.php\/wp-json\/wp\/v2\/posts"}],"about":[{"href":"http:\/\/staging.ibermusicas.org\/index.php\/wp-json\/wp\/v2\/types\/post"}],"author":[{"embeddable":true,"href":"http:\/\/staging.ibermusicas.org\/index.php\/wp-json\/wp\/v2\/users\/1"}],"replies":[{"embeddable":true,"href":"http:\/\/staging.ibermusicas.org\/index.php\/wp-json\/wp\/v2\/comments?post=10720"}],"version-history":[{"count":1,"href":"http:\/\/staging.ibermusicas.org\/index.php\/wp-json\/wp\/v2\/posts\/10720\/revisions"}],"predecessor-version":[{"id":10721,"href":"http:\/\/staging.ibermusicas.org\/index.php\/wp-json\/wp\/v2\/posts\/10720\/revisions\/10721"}],"wp:featuredmedia":[{"embeddable":true,"href":"http:\/\/staging.ibermusicas.org\/index.php\/wp-json\/wp\/v2\/media\/10718"}],"wp:attachment":[{"href":"http:\/\/staging.ibermusicas.org\/index.php\/wp-json\/wp\/v2\/media?parent=10720"}],"wp:term":[{"taxonomy":"category","embeddable":true,"href":"http:\/\/staging.ibermusicas.org\/index.php\/wp-json\/wp\/v2\/categories?post=10720"},{"taxonomy":"post_tag","embeddable":true,"href":"http:\/\/staging.ibermusicas.org\/index.php\/wp-json\/wp\/v2\/tags?post=10720"}],"curies":[{"name":"wp","href":"https:\/\/api.w.org\/{rel}","templated":true}]}}