{"id":10730,"date":"2021-11-16T17:59:29","date_gmt":"2021-11-16T17:59:29","guid":{"rendered":"http:\/\/staging.ibermusicas.org\/?p=10730"},"modified":"2021-12-03T19:15:51","modified_gmt":"2021-12-03T19:15:51","slug":"o-grupo-mexicano-selvanegra-fara-uma-turne-por-diferentes-cidades-da-colombia","status":"publish","type":"post","link":"http:\/\/staging.ibermusicas.org\/index.php\/o-grupo-mexicano-selvanegra-fara-uma-turne-por-diferentes-cidades-da-colombia\/","title":{"rendered":"O grupo mexicano Selvanegra far\u00e1 uma turn\u00ea por diferentes cidades da Col\u00f4mbia"},"content":{"rendered":"<p>O sexteto mexicano Selvanegra apresenta uma proposta de m\u00fasica original que explora sonoridades da cultura do Pac\u00edfico sul mexicano com influ\u00eancias do jazz latino-americano assim como o uso da paisagem sonora ao vivo.<\/p>\n<p>Selvanegra surgiu como um sexteto no in\u00edcio de 2016 na Cidade do M\u00e9xico, ano em que gravaram seu primeiro material discogr\u00e1fico sob um conv\u00eanio com a R\u00e1dio Educa\u00e7\u00e3o. Desde ent\u00e3o, Selvanegra se posicionou como um inovador ensamble dentro do \u00e2mbito cultural no M\u00e9xico, gerando experi\u00eancias para todo tipo de p\u00fablico. A dota\u00e7\u00e3o do grupo \u00e9: voz, saxofone alto, saxofone saxofone tenor, baixo, piano e bateria.<\/p>\n<p>Sexta-feira 26 de novembro. Medell\u00edn. 14 hs. Oficina de aproxima\u00e7\u00e3o \u00e0 m\u00fasica mexicana no Centro Cultural de Moravia. 19 hs. Concerto no Festival Cultura em Cena<br \/>\nTer\u00e7a-feira 30 de novembro. Cali. 11 hs. Oficina de aproxima\u00e7\u00e3o \u00e0 m\u00fasica mexicana<br \/>\nQuarta-feira 1ero de dezembro. 11 hs. Oficina de aproxima\u00e7\u00e3o \u00e0 m\u00fasica mexicana<br \/>\nQuinta-feira 2 de dezembro. 19 hs. Concerto em Plazoleta Principal em Cali<br \/>\nQuarta-feira 8 de dezembro. Bogot\u00e1. 15 hs. Concerto em Teatro el Ensue\u00f1o<\/p>\n","protected":false},"excerpt":{"rendered":"<p>O sexteto mexicano Selvanegra apresenta uma proposta de m\u00fasica original que explora sonoridades da cultura do Pac\u00edfico sul mexicano com influ\u00eancias do jazz latino-americano assim como o uso da paisagem sonora ao vivo. Selvanegra surgiu como um sexteto no in\u00edcio de 2016 na Cidade do M\u00e9xico, ano em que gravaram seu primeiro material discogr\u00e1fico sob [&hellip;]<\/p>\n","protected":false},"author":1,"featured_media":10728,"comment_status":"closed","ping_status":"closed","sticky":false,"template":"","format":"standard","meta":{"footnotes":""},"categories":[218],"tags":[],"class_list":["post-10730","post","type-post","status-publish","format-standard","has-post-thumbnail","hentry","category-noticias-generales-pt"],"lang":"pt","translations":{"pt":10730,"es":10727},"pll_sync_post":[],"post_mailing_queue_ids":[],"_links":{"self":[{"href":"http:\/\/staging.ibermusicas.org\/index.php\/wp-json\/wp\/v2\/posts\/10730","targetHints":{"allow":["GET"]}}],"collection":[{"href":"http:\/\/staging.ibermusicas.org\/index.php\/wp-json\/wp\/v2\/posts"}],"about":[{"href":"http:\/\/staging.ibermusicas.org\/index.php\/wp-json\/wp\/v2\/types\/post"}],"author":[{"embeddable":true,"href":"http:\/\/staging.ibermusicas.org\/index.php\/wp-json\/wp\/v2\/users\/1"}],"replies":[{"embeddable":true,"href":"http:\/\/staging.ibermusicas.org\/index.php\/wp-json\/wp\/v2\/comments?post=10730"}],"version-history":[{"count":1,"href":"http:\/\/staging.ibermusicas.org\/index.php\/wp-json\/wp\/v2\/posts\/10730\/revisions"}],"predecessor-version":[{"id":10731,"href":"http:\/\/staging.ibermusicas.org\/index.php\/wp-json\/wp\/v2\/posts\/10730\/revisions\/10731"}],"wp:featuredmedia":[{"embeddable":true,"href":"http:\/\/staging.ibermusicas.org\/index.php\/wp-json\/wp\/v2\/media\/10728"}],"wp:attachment":[{"href":"http:\/\/staging.ibermusicas.org\/index.php\/wp-json\/wp\/v2\/media?parent=10730"}],"wp:term":[{"taxonomy":"category","embeddable":true,"href":"http:\/\/staging.ibermusicas.org\/index.php\/wp-json\/wp\/v2\/categories?post=10730"},{"taxonomy":"post_tag","embeddable":true,"href":"http:\/\/staging.ibermusicas.org\/index.php\/wp-json\/wp\/v2\/tags?post=10730"}],"curies":[{"name":"wp","href":"https:\/\/api.w.org\/{rel}","templated":true}]}}