{"id":10740,"date":"2021-11-16T18:42:19","date_gmt":"2021-11-16T18:42:19","guid":{"rendered":"http:\/\/staging.ibermusicas.org\/?p=10740"},"modified":"2021-12-03T19:15:45","modified_gmt":"2021-12-03T19:15:45","slug":"a-artista-chilena-francesca-ancarola-levou-ao-festival-das-marias-de-portugal-seu-trabalho-baseado-em-poemas-de-gabriela-mistral","status":"publish","type":"post","link":"http:\/\/staging.ibermusicas.org\/index.php\/a-artista-chilena-francesca-ancarola-levou-ao-festival-das-marias-de-portugal-seu-trabalho-baseado-em-poemas-de-gabriela-mistral\/","title":{"rendered":"A artista chilena Francesca Ancarola levou ao festival Das Marias de Portugal seu trabalho baseado em poemas de Gabriela Mistral"},"content":{"rendered":"<p>Francesca Ancarola \u00e9 compositora e int\u00e9rprete chilena de folclore contempor\u00e2neo. Tem dez discos editados na data, dois deles Pr\u00eamio Altazor, em 2001 por \u00abPassagem de ida e volta\u00bb e em 2007 por \u00abLonqu\u00e9n &#8211; Tributo a V\u00edctor Jara\u00bb. Entre sua discografia destaca-se tamb\u00e9m \u00abArrullos &#8211; can\u00e7\u00f5es de ber\u00e7o latino-americanas\u00bb, uma sele\u00e7\u00e3o de nanas do continente, realizado em conjunto com o pianista de Entre R\u00edos, Argentina, Carlos Aguirre para Unicef, editado pelo selo Shagrada Medra.<\/p>\n<p>Sendo uma das cantoras de maior reconhecimento em seu pa\u00eds, Francesca tem representado o Chile em festivais tais como Festival de Jazz de Ouro Preto Brasil, Festival de Jazz de Lisboa Portugal, Festival CulturAmerica de Pau Francia, Festival Americanto de Mendoza, Festival de Jazz de Santa F\u00e9, Festival Chilejazz, EXIB Portugal e no S\u00e9timo Festival M\u00fasica da Terra do Uruguai entre outros concertos. Francesca tamb\u00e9m representou o Chile na cerim\u00f4nia do reconhecimento por parte da Unesco do Caminho do Inca como patrim\u00f4nio da humanidade; e como convidada a \u00abTraigo un Pueblo en mi voz\u00bb, homenagem a Mercedes Sosa em Santa Catalina Jujuy dirigido por Popi Spatocco.<\/p>\n<p>Em 2015 lan\u00e7a \u00abEspejo de los Sue\u00f1os \u00bb (Crann Editores) seu primeiro livro de partituras, inaugurando com ele a Sala Antar do Museu Violeta Parra com quatro concertos para sala cheia. Em 2017 participa junto a seu quinteto no ciclo organizado pela produ\u00e7\u00e3o do programa radial Holojazz e registra audiovisualmente um concerto na Sala Master da R\u00e1dio da Universidade do Chile. Deste registro nasce \u00abLa Desentonada\u00bb, seu primeiro disco ao vivo e que estreia em 2018 no audit\u00f3rio do Teatro do Lago, sul do Chile.<\/p>\n<p>Compartilhou concertos e projetos musicais com m\u00fasicos como Carlos \u00abNegro\u00bb Aguirre, Antonio Restucci, Sim\u00f3n Schriever, Ensamble Quintessence, Pedro Aznar, Hugo Fattoruso, Juan Quintero, Aca Seca Tr\u00edo, Lea Freire, Aura Tr\u00edo, Stu Mindemann, Cristina Narea e Leo Minax entre outros artistas.<\/p>\n<p>Desde 2018, leciona sua Oficina de Canto Popular na Universidade do Chile para o Diplomado de M\u00fasica Latino-americana. Comp\u00f5e, conserta e produz seus pr\u00f3prios projetos musicais e h\u00e1 alguns anos participa ativamente no coletivo de cinquenta e em mulheres cantoras que deram vida a \u00abHeran\u00e7a Rebelde\u00bb; disco triplo em homenagem a Violeta Parra em seu centen\u00e1rio.<\/p>\n<p>O Festival das Marias \u00e9 um evento internacional e pluridisciplinar, que se baseia na perspectiva da arte no feminino, ou seja, na cria\u00e7\u00e3o e explora\u00e7\u00e3o feminina nas mais diversificadas \u00e1reas da cria\u00e7\u00e3o art\u00edstica. Assim, o festival pretende apresentar v\u00e1rias propostas de diversas \u00e1reas art\u00edsticas, todas elas obras de mulheres, sobre mulheres, mas para todos. O Festival das Marias 2021 tem tido como sedes v\u00e1rios locais do Alentejo: Beja, Aljustrel, Gr\u00e2ndola, M\u00e9rtola e Santiago do Cac\u00e9m, potenciando parcerias e dando continuidade ao trabalho entre munic\u00edpios e agentes culturais iniciado pelo FITA &#8211; Festival Internacional de Teatro do Alentejo.<\/p>\n","protected":false},"excerpt":{"rendered":"<p>Francesca Ancarola \u00e9 compositora e int\u00e9rprete chilena de folclore contempor\u00e2neo. Tem dez discos editados na data, dois deles Pr\u00eamio Altazor, em 2001 por \u00abPassagem de ida e volta\u00bb e em 2007 por \u00abLonqu\u00e9n &#8211; Tributo a V\u00edctor Jara\u00bb. Entre sua discografia destaca-se tamb\u00e9m \u00abArrullos &#8211; can\u00e7\u00f5es de ber\u00e7o latino-americanas\u00bb, uma sele\u00e7\u00e3o de nanas do continente, [&hellip;]<\/p>\n","protected":false},"author":1,"featured_media":10733,"comment_status":"closed","ping_status":"closed","sticky":false,"template":"","format":"standard","meta":{"footnotes":""},"categories":[218],"tags":[],"class_list":["post-10740","post","type-post","status-publish","format-standard","has-post-thumbnail","hentry","category-noticias-generales-pt"],"lang":"pt","translations":{"pt":10740,"es":10737},"pll_sync_post":[],"post_mailing_queue_ids":[],"_links":{"self":[{"href":"http:\/\/staging.ibermusicas.org\/index.php\/wp-json\/wp\/v2\/posts\/10740","targetHints":{"allow":["GET"]}}],"collection":[{"href":"http:\/\/staging.ibermusicas.org\/index.php\/wp-json\/wp\/v2\/posts"}],"about":[{"href":"http:\/\/staging.ibermusicas.org\/index.php\/wp-json\/wp\/v2\/types\/post"}],"author":[{"embeddable":true,"href":"http:\/\/staging.ibermusicas.org\/index.php\/wp-json\/wp\/v2\/users\/1"}],"replies":[{"embeddable":true,"href":"http:\/\/staging.ibermusicas.org\/index.php\/wp-json\/wp\/v2\/comments?post=10740"}],"version-history":[{"count":1,"href":"http:\/\/staging.ibermusicas.org\/index.php\/wp-json\/wp\/v2\/posts\/10740\/revisions"}],"predecessor-version":[{"id":10741,"href":"http:\/\/staging.ibermusicas.org\/index.php\/wp-json\/wp\/v2\/posts\/10740\/revisions\/10741"}],"wp:featuredmedia":[{"embeddable":true,"href":"http:\/\/staging.ibermusicas.org\/index.php\/wp-json\/wp\/v2\/media\/10733"}],"wp:attachment":[{"href":"http:\/\/staging.ibermusicas.org\/index.php\/wp-json\/wp\/v2\/media?parent=10740"}],"wp:term":[{"taxonomy":"category","embeddable":true,"href":"http:\/\/staging.ibermusicas.org\/index.php\/wp-json\/wp\/v2\/categories?post=10740"},{"taxonomy":"post_tag","embeddable":true,"href":"http:\/\/staging.ibermusicas.org\/index.php\/wp-json\/wp\/v2\/tags?post=10740"}],"curies":[{"name":"wp","href":"https:\/\/api.w.org\/{rel}","templated":true}]}}