{"id":10747,"date":"2021-11-16T18:47:01","date_gmt":"2021-11-16T18:47:01","guid":{"rendered":"http:\/\/staging.ibermusicas.org\/?p=10747"},"modified":"2021-11-16T18:47:01","modified_gmt":"2021-11-16T18:47:01","slug":"dos-artistas-colombianos-el-percusionista-eusebio-sanchez-y-el-compositor-juan-camilo-vasquez-realizaron-una-presentacion-del-videoperformance-musical-fri-qui","status":"publish","type":"post","link":"http:\/\/staging.ibermusicas.org\/index.php\/dos-artistas-colombianos-el-percusionista-eusebio-sanchez-y-el-compositor-juan-camilo-vasquez-realizaron-una-presentacion-del-videoperformance-musical-fri-qui\/","title":{"rendered":"Dos artistas colombianos, el percusionista Eusebio S\u00e1nchez y el compositor Juan Camilo V\u00e1squez realizaron una presentaci\u00f3n del Videoperformance Musical FRI-QUI"},"content":{"rendered":"<p>FRI-QUI es un video-performance musical en el que utiliza objetos como controles remotos y de videojuegos, computadoras y amplificadores para crear sonidos y melod\u00edas.<\/p>\n<p>La marimba es un instrumento que en Colombia se relaciona con la m\u00fasica tradicional y el folclor. Sin embargo, sus sonidos hacen parte del tejido social de todo el mundo. Esto es lo que demuestra Eusebio S\u00e1nchez, un percusionista y compositor mexicano que a trav\u00e9s de este instrumento rescata la cultura de su pa\u00eds, pero tambi\u00e9n hace un comentario sobre la realidad en la que habitan las personas en la actualidad: los videojuegos, los dispositivos m\u00f3viles, la realidad aumentada, la pandemia, las interconexiones y las redes sociales.<\/p>\n<p>Con el sonido suave de las placas de madera, S\u00e1nchez crea un trayecto que habla del universo de aquellos a quienes llaman friquis. Y lanza la pregunta: \u201c\u00bfno somos todos friquis?\u201d.<\/p>\n","protected":false},"excerpt":{"rendered":"<p>FRI-QUI es un video-performance musical en el que utiliza objetos como controles remotos y de videojuegos, computadoras y amplificadores para crear sonidos y melod\u00edas. La marimba es un instrumento que en Colombia se relaciona con la m\u00fasica tradicional y el folclor. Sin embargo, sus sonidos hacen parte del tejido social de todo el mundo. Esto [&hellip;]<\/p>\n","protected":false},"author":1,"featured_media":10160,"comment_status":"closed","ping_status":"closed","sticky":false,"template":"","format":"standard","meta":{"footnotes":""},"categories":[53],"tags":[],"class_list":["post-10747","post","type-post","status-publish","format-standard","has-post-thumbnail","hentry","category-noticias-generales"],"lang":"es","translations":{"es":10747,"pt":10749},"pll_sync_post":[],"post_mailing_queue_ids":[],"_links":{"self":[{"href":"http:\/\/staging.ibermusicas.org\/index.php\/wp-json\/wp\/v2\/posts\/10747","targetHints":{"allow":["GET"]}}],"collection":[{"href":"http:\/\/staging.ibermusicas.org\/index.php\/wp-json\/wp\/v2\/posts"}],"about":[{"href":"http:\/\/staging.ibermusicas.org\/index.php\/wp-json\/wp\/v2\/types\/post"}],"author":[{"embeddable":true,"href":"http:\/\/staging.ibermusicas.org\/index.php\/wp-json\/wp\/v2\/users\/1"}],"replies":[{"embeddable":true,"href":"http:\/\/staging.ibermusicas.org\/index.php\/wp-json\/wp\/v2\/comments?post=10747"}],"version-history":[{"count":1,"href":"http:\/\/staging.ibermusicas.org\/index.php\/wp-json\/wp\/v2\/posts\/10747\/revisions"}],"predecessor-version":[{"id":10748,"href":"http:\/\/staging.ibermusicas.org\/index.php\/wp-json\/wp\/v2\/posts\/10747\/revisions\/10748"}],"wp:featuredmedia":[{"embeddable":true,"href":"http:\/\/staging.ibermusicas.org\/index.php\/wp-json\/wp\/v2\/media\/10160"}],"wp:attachment":[{"href":"http:\/\/staging.ibermusicas.org\/index.php\/wp-json\/wp\/v2\/media?parent=10747"}],"wp:term":[{"taxonomy":"category","embeddable":true,"href":"http:\/\/staging.ibermusicas.org\/index.php\/wp-json\/wp\/v2\/categories?post=10747"},{"taxonomy":"post_tag","embeddable":true,"href":"http:\/\/staging.ibermusicas.org\/index.php\/wp-json\/wp\/v2\/tags?post=10747"}],"curies":[{"name":"wp","href":"https:\/\/api.w.org\/{rel}","templated":true}]}}