{"id":10749,"date":"2021-11-16T18:48:07","date_gmt":"2021-11-16T18:48:07","guid":{"rendered":"http:\/\/staging.ibermusicas.org\/?p=10749"},"modified":"2021-11-16T18:48:07","modified_gmt":"2021-11-16T18:48:07","slug":"dois-artistas-colombianos-o-percussionista-eusebio-sanchez-e-o-compositor-juan-camilo-vasquez-realizaram-uma-apresentacao-do-videoperformance-musical-fri-qui","status":"publish","type":"post","link":"http:\/\/staging.ibermusicas.org\/index.php\/dois-artistas-colombianos-o-percussionista-eusebio-sanchez-e-o-compositor-juan-camilo-vasquez-realizaram-uma-apresentacao-do-videoperformance-musical-fri-qui\/","title":{"rendered":"Dois artistas colombianos, o percussionista Eusebio S\u00e1nchez e o compositor Juan Camilo V\u00e1squez realizaram uma apresenta\u00e7\u00e3o do Videoperformance Musical FRI-QUI"},"content":{"rendered":"<p>O FRI-QUI \u00e9 um v\u00eddeo-performance musical no qual utiliza objetos como controles remotos e de videogames, computadores e amplificadores para criar sons e melodias.<\/p>\n<p>A marimba \u00e9 um instrumento que na Col\u00f4mbia se relaciona com a m\u00fasica tradicional e o folclor. No entanto, os seus sons fazem parte do tecido social de todo o mundo. Isto \u00e9 o que demonstra Eusebio S\u00e1nchez, um percussionista e compositor mexicano que atrav\u00e9s deste instrumento resgata a cultura de seu pa\u00eds, mas tamb\u00e9m faz um coment\u00e1rio sobre a realidade em que vivem as pessoas na atualidade: jogos de v\u00eddeo, dispositivos m\u00f3veis, realidade aumentada, pandemia, interconex\u00f5es e redes sociais.<\/p>\n<p>Com o som suave das placas de madeira, S\u00e1nchez cria um trajeto que fala do universo daqueles a quem chamam friquis. E lan\u00e7a a pergunta: \u00abN\u00e3o somos todos friquis?\u00bb.<\/p>\n","protected":false},"excerpt":{"rendered":"<p>O FRI-QUI \u00e9 um v\u00eddeo-performance musical no qual utiliza objetos como controles remotos e de videogames, computadores e amplificadores para criar sons e melodias. A marimba \u00e9 um instrumento que na Col\u00f4mbia se relaciona com a m\u00fasica tradicional e o folclor. No entanto, os seus sons fazem parte do tecido social de todo o mundo. [&hellip;]<\/p>\n","protected":false},"author":1,"featured_media":10160,"comment_status":"closed","ping_status":"closed","sticky":false,"template":"","format":"standard","meta":{"footnotes":""},"categories":[218],"tags":[],"class_list":["post-10749","post","type-post","status-publish","format-standard","has-post-thumbnail","hentry","category-noticias-generales-pt"],"lang":"pt","translations":{"pt":10749,"es":10747},"pll_sync_post":[],"post_mailing_queue_ids":[],"_links":{"self":[{"href":"http:\/\/staging.ibermusicas.org\/index.php\/wp-json\/wp\/v2\/posts\/10749","targetHints":{"allow":["GET"]}}],"collection":[{"href":"http:\/\/staging.ibermusicas.org\/index.php\/wp-json\/wp\/v2\/posts"}],"about":[{"href":"http:\/\/staging.ibermusicas.org\/index.php\/wp-json\/wp\/v2\/types\/post"}],"author":[{"embeddable":true,"href":"http:\/\/staging.ibermusicas.org\/index.php\/wp-json\/wp\/v2\/users\/1"}],"replies":[{"embeddable":true,"href":"http:\/\/staging.ibermusicas.org\/index.php\/wp-json\/wp\/v2\/comments?post=10749"}],"version-history":[{"count":1,"href":"http:\/\/staging.ibermusicas.org\/index.php\/wp-json\/wp\/v2\/posts\/10749\/revisions"}],"predecessor-version":[{"id":10750,"href":"http:\/\/staging.ibermusicas.org\/index.php\/wp-json\/wp\/v2\/posts\/10749\/revisions\/10750"}],"wp:featuredmedia":[{"embeddable":true,"href":"http:\/\/staging.ibermusicas.org\/index.php\/wp-json\/wp\/v2\/media\/10160"}],"wp:attachment":[{"href":"http:\/\/staging.ibermusicas.org\/index.php\/wp-json\/wp\/v2\/media?parent=10749"}],"wp:term":[{"taxonomy":"category","embeddable":true,"href":"http:\/\/staging.ibermusicas.org\/index.php\/wp-json\/wp\/v2\/categories?post=10749"},{"taxonomy":"post_tag","embeddable":true,"href":"http:\/\/staging.ibermusicas.org\/index.php\/wp-json\/wp\/v2\/tags?post=10749"}],"curies":[{"name":"wp","href":"https:\/\/api.w.org\/{rel}","templated":true}]}}