{"id":10751,"date":"2021-11-16T18:49:15","date_gmt":"2021-11-16T18:49:15","guid":{"rendered":"http:\/\/staging.ibermusicas.org\/?p=10751"},"modified":"2021-11-16T18:49:15","modified_gmt":"2021-11-16T18:49:15","slug":"se-realizo-en-ecuador-el-concierto-origen-alrededor-de-los-sonidos-afro-andinos-y-mestizos-del-ecuador-bajo-la-direccion-de-dos-grandes-artistas-latinoamericanos","status":"publish","type":"post","link":"http:\/\/staging.ibermusicas.org\/index.php\/se-realizo-en-ecuador-el-concierto-origen-alrededor-de-los-sonidos-afro-andinos-y-mestizos-del-ecuador-bajo-la-direccion-de-dos-grandes-artistas-latinoamericanos\/","title":{"rendered":"Se realiz\u00f3 en Ecuador el Concierto Origen alrededor de los sonidos afro, andinos y mestizos del Ecuador bajo la direcci\u00f3n de dos grandes artistas latinoamericanos"},"content":{"rendered":"<p>La Fundaci\u00f3n Teatro Nacional Sucre en cooperaci\u00f3n y alianza estrat\u00e9gica con el Centro Cultural Cuevas del Ilal\u00f3 busca posicionar a Quito como ciudad libre de fronteras culturales, promotora de la diversidad cultural y musical, donde conviven m\u00faltiples representaciones art\u00edsticas con cosmovisiones diferentes que se fortalecen entre s\u00ed gracias al intercambio y la convivencia.<\/p>\n<p>Con estos objetivos llevaron a cabo el Concierto Origen para el cual formaron un ensamble de m\u00fasicos ecuatorianos para que trabajaran junto a Antonio Arnedo de Colombia y Santiago V\u00e1zquez de Argentina. El punto de partida fueron los talleres Introducci\u00f3n al ritmo con se\u00f1as y Una perspectiva de la nueva m\u00fasica colombiana, sus referentes y elementos de origen.<\/p>\n<p>El concierto \u201cOrigen, m\u00fasica por la diversidad\u201d se realiz\u00f3 el 16 de octubre y fue el resultado de un intenso trabajo de creaci\u00f3n colectiva y ensamblaje art\u00edstico, realizado por Santiago V\u00e1zquez y Antonio Arnedo junto a los m\u00fasicos ecuatorianos Mat\u00edas Alvear, Grecia Alb\u00e1n, Kevin Santos, Curi Cachimuel, Alex Alvear, Juan Ernesto Guerrero, Daniel Pacheco, Mariela Espinoza, Fidel Minda, Estefani Insuasti, Dennis Chal\u00e1, David Valencia y la Orquesta de Instrumentos Andinos. El repertorio de este concierto se cre\u00f3 de forma colectiva durante una residencia de una semana en Quito. Los artistas trabajaron en el montaje musical de un concierto que se nutri\u00f3 de las diversas sonoridades de Ecuador y Latinom\u00e9rica, desde diferentes perspectivas.<\/p>\n<p>Ver en:<a href=\"https:\/\/lt.mydplr.com\/d4de99ace5426a5b913368da4ebcc75d-81868bec073b3970fa62af291f12b42d\" target=\"_blank\" rel=\"noopener\" data-saferedirecturl=\"https:\/\/www.google.com\/url?q=https:\/\/lt.mydplr.com\/d4de99ace5426a5b913368da4ebcc75d-81868bec073b3970fa62af291f12b42d&amp;source=gmail&amp;ust=1637167710985000&amp;usg=AOvVaw1yKzmttuHNC8UPKMPK3bAl\">\u00a0facebook.com<\/a>\u00a0o en\u00a0<a href=\"https:\/\/lt.mydplr.com\/c75555d942f52399dfad3093c5b94cf4-81868bec073b3970fa62af291f12b42d\" target=\"_blank\" rel=\"noopener\" data-saferedirecturl=\"https:\/\/www.google.com\/url?q=https:\/\/lt.mydplr.com\/c75555d942f52399dfad3093c5b94cf4-81868bec073b3970fa62af291f12b42d&amp;source=gmail&amp;ust=1637167710985000&amp;usg=AOvVaw2CSr-x_RvlZfDhKdHVLsru\">vimeo.com<\/a><\/p>\n","protected":false},"excerpt":{"rendered":"<p>La Fundaci\u00f3n Teatro Nacional Sucre en cooperaci\u00f3n y alianza estrat\u00e9gica con el Centro Cultural Cuevas del Ilal\u00f3 busca posicionar a Quito como ciudad libre de fronteras culturales, promotora de la diversidad cultural y musical, donde conviven m\u00faltiples representaciones art\u00edsticas con cosmovisiones diferentes que se fortalecen entre s\u00ed gracias al intercambio y la convivencia. Con estos [&hellip;]<\/p>\n","protected":false},"author":1,"featured_media":10752,"comment_status":"closed","ping_status":"closed","sticky":false,"template":"","format":"standard","meta":{"footnotes":""},"categories":[53],"tags":[],"class_list":["post-10751","post","type-post","status-publish","format-standard","has-post-thumbnail","hentry","category-noticias-generales"],"lang":"es","translations":{"es":10751,"pt":10755},"pll_sync_post":[],"post_mailing_queue_ids":[],"_links":{"self":[{"href":"http:\/\/staging.ibermusicas.org\/index.php\/wp-json\/wp\/v2\/posts\/10751","targetHints":{"allow":["GET"]}}],"collection":[{"href":"http:\/\/staging.ibermusicas.org\/index.php\/wp-json\/wp\/v2\/posts"}],"about":[{"href":"http:\/\/staging.ibermusicas.org\/index.php\/wp-json\/wp\/v2\/types\/post"}],"author":[{"embeddable":true,"href":"http:\/\/staging.ibermusicas.org\/index.php\/wp-json\/wp\/v2\/users\/1"}],"replies":[{"embeddable":true,"href":"http:\/\/staging.ibermusicas.org\/index.php\/wp-json\/wp\/v2\/comments?post=10751"}],"version-history":[{"count":2,"href":"http:\/\/staging.ibermusicas.org\/index.php\/wp-json\/wp\/v2\/posts\/10751\/revisions"}],"predecessor-version":[{"id":10754,"href":"http:\/\/staging.ibermusicas.org\/index.php\/wp-json\/wp\/v2\/posts\/10751\/revisions\/10754"}],"wp:featuredmedia":[{"embeddable":true,"href":"http:\/\/staging.ibermusicas.org\/index.php\/wp-json\/wp\/v2\/media\/10752"}],"wp:attachment":[{"href":"http:\/\/staging.ibermusicas.org\/index.php\/wp-json\/wp\/v2\/media?parent=10751"}],"wp:term":[{"taxonomy":"category","embeddable":true,"href":"http:\/\/staging.ibermusicas.org\/index.php\/wp-json\/wp\/v2\/categories?post=10751"},{"taxonomy":"post_tag","embeddable":true,"href":"http:\/\/staging.ibermusicas.org\/index.php\/wp-json\/wp\/v2\/tags?post=10751"}],"curies":[{"name":"wp","href":"https:\/\/api.w.org\/{rel}","templated":true}]}}