{"id":10755,"date":"2021-11-16T18:50:26","date_gmt":"2021-11-16T18:50:26","guid":{"rendered":"http:\/\/staging.ibermusicas.org\/?p=10755"},"modified":"2021-11-16T18:50:26","modified_gmt":"2021-11-16T18:50:26","slug":"realizou-se-no-equador-o-concerto-origen-em-torno-dos-sons-afro-andinos-e-mesticos-do-equador-sob-a-direcao-de-dois-grandes-artistas-latino-americanos","status":"publish","type":"post","link":"http:\/\/staging.ibermusicas.org\/index.php\/realizou-se-no-equador-o-concerto-origen-em-torno-dos-sons-afro-andinos-e-mesticos-do-equador-sob-a-direcao-de-dois-grandes-artistas-latino-americanos\/","title":{"rendered":"Realizou-se no Equador o Concerto Origen em torno dos sons afro, andinos e mesti\u00e7os do Equador sob a dire\u00e7\u00e3o de dois grandes artistas latino-americanos"},"content":{"rendered":"<p>A Funda\u00e7\u00e3o Teatro Nacional Sucre em parceria e alian\u00e7a estrat\u00e9gica com o Centro Cultural Cuevas del Ilal\u00f3 busca posicionar Quito como cidade livre de fronteiras culturais, promotora da diversidade cultural e musical, onde convivem m\u00faltiplas representa\u00e7\u00f5es art\u00edsticas com cosmovis\u00f5es diferentes que se fortalecem entre si gra\u00e7as ao interc\u00e2mbio e \u00e0 conviv\u00eancia.<\/p>\n<p>Com estes objetivos realizaram o Concerto Origen para o qual formaram um conjunto de m\u00fasicos equatorianos para que trabalhassem junto com Antonio Arnedo da Col\u00f4mbia e Santiago V\u00e1zquez da Argentina. O ponto de partida foram as oficinas Introdu\u00e7\u00e3o ao ritmo com sinais e Uma perspectiva da nova m\u00fasica colombiana, seus referentes e elementos de origem.<\/p>\n<p>O concerto \u00abOrigen, m\u00fasica pela diversidade\u00bb foi realizado em 16 de outubro e foi o resultado de um intenso trabalho de cria\u00e7\u00e3o coletiva e montagem art\u00edstica, realizado por Santiago V\u00e1zquez e Antonio Arnedo junto aos m\u00fasicos equatorianos Mat\u00edas Alvear, Gr\u00e9cia Alb\u00e1n, Kevin Santos, Curi Cachimuel, Alex Alvear, Juan Ernesto Guerrero, Daniel Pacheco, Mariela Espinoza, Fidel Minda, Estefani Insuasti, Dennis Chal\u00e1, David Valencia e a Orquestra de Instrumentos Andinos. O repert\u00f3rio deste concerto foi criado de forma coletiva durante uma resid\u00eancia de uma semana em Quito. Os artistas trabalharam na montagem musical de um concerto que se nutriu das diversas sonoridades do Equador e da Am\u00e9rica Latina, a partir de diferentes perspectivas.<\/p>\n<p>Ver em\u00a0<a href=\"https:\/\/lt.mydplr.com\/d4de99ace5426a5b913368da4ebcc75d-81868bec073b3970fa62af291f12b42d\" target=\"_blank\" rel=\"noopener\" data-saferedirecturl=\"https:\/\/www.google.com\/url?q=https:\/\/lt.mydplr.com\/d4de99ace5426a5b913368da4ebcc75d-81868bec073b3970fa62af291f12b42d&amp;source=gmail&amp;ust=1637167710985000&amp;usg=AOvVaw1yKzmttuHNC8UPKMPK3bAl\">facebook.com<\/a>\u00a0o em\u00a0<a href=\"https:\/\/lt.mydplr.com\/c75555d942f52399dfad3093c5b94cf4-81868bec073b3970fa62af291f12b42d\" target=\"_blank\" rel=\"noopener\" data-saferedirecturl=\"https:\/\/www.google.com\/url?q=https:\/\/lt.mydplr.com\/c75555d942f52399dfad3093c5b94cf4-81868bec073b3970fa62af291f12b42d&amp;source=gmail&amp;ust=1637167710985000&amp;usg=AOvVaw2CSr-x_RvlZfDhKdHVLsru\">vimeo.com<\/a><\/p>\n","protected":false},"excerpt":{"rendered":"<p>A Funda\u00e7\u00e3o Teatro Nacional Sucre em parceria e alian\u00e7a estrat\u00e9gica com o Centro Cultural Cuevas del Ilal\u00f3 busca posicionar Quito como cidade livre de fronteiras culturais, promotora da diversidade cultural e musical, onde convivem m\u00faltiplas representa\u00e7\u00f5es art\u00edsticas com cosmovis\u00f5es diferentes que se fortalecem entre si gra\u00e7as ao interc\u00e2mbio e \u00e0 conviv\u00eancia. Com estes objetivos realizaram [&hellip;]<\/p>\n","protected":false},"author":1,"featured_media":10752,"comment_status":"closed","ping_status":"closed","sticky":false,"template":"","format":"standard","meta":{"footnotes":""},"categories":[218],"tags":[],"class_list":["post-10755","post","type-post","status-publish","format-standard","has-post-thumbnail","hentry","category-noticias-generales-pt"],"lang":"pt","translations":{"pt":10755,"es":10751},"pll_sync_post":[],"post_mailing_queue_ids":[],"_links":{"self":[{"href":"http:\/\/staging.ibermusicas.org\/index.php\/wp-json\/wp\/v2\/posts\/10755","targetHints":{"allow":["GET"]}}],"collection":[{"href":"http:\/\/staging.ibermusicas.org\/index.php\/wp-json\/wp\/v2\/posts"}],"about":[{"href":"http:\/\/staging.ibermusicas.org\/index.php\/wp-json\/wp\/v2\/types\/post"}],"author":[{"embeddable":true,"href":"http:\/\/staging.ibermusicas.org\/index.php\/wp-json\/wp\/v2\/users\/1"}],"replies":[{"embeddable":true,"href":"http:\/\/staging.ibermusicas.org\/index.php\/wp-json\/wp\/v2\/comments?post=10755"}],"version-history":[{"count":1,"href":"http:\/\/staging.ibermusicas.org\/index.php\/wp-json\/wp\/v2\/posts\/10755\/revisions"}],"predecessor-version":[{"id":10756,"href":"http:\/\/staging.ibermusicas.org\/index.php\/wp-json\/wp\/v2\/posts\/10755\/revisions\/10756"}],"wp:featuredmedia":[{"embeddable":true,"href":"http:\/\/staging.ibermusicas.org\/index.php\/wp-json\/wp\/v2\/media\/10752"}],"wp:attachment":[{"href":"http:\/\/staging.ibermusicas.org\/index.php\/wp-json\/wp\/v2\/media?parent=10755"}],"wp:term":[{"taxonomy":"category","embeddable":true,"href":"http:\/\/staging.ibermusicas.org\/index.php\/wp-json\/wp\/v2\/categories?post=10755"},{"taxonomy":"post_tag","embeddable":true,"href":"http:\/\/staging.ibermusicas.org\/index.php\/wp-json\/wp\/v2\/tags?post=10755"}],"curies":[{"name":"wp","href":"https:\/\/api.w.org\/{rel}","templated":true}]}}