{"id":10765,"date":"2021-11-16T18:59:44","date_gmt":"2021-11-16T18:59:44","guid":{"rendered":"http:\/\/staging.ibermusicas.org\/?p=10765"},"modified":"2021-11-16T18:59:44","modified_gmt":"2021-11-16T18:59:44","slug":"mmf-latam-a-associacao-latino-americana-de-managers-musicais-anuncia-suas-proximas-atividades-virtuais","status":"publish","type":"post","link":"http:\/\/staging.ibermusicas.org\/index.php\/mmf-latam-a-associacao-latino-americana-de-managers-musicais-anuncia-suas-proximas-atividades-virtuais\/","title":{"rendered":"MMF LATAM, a associa\u00e7\u00e3o latino-americana de managers musicais, anuncia suas pr\u00f3ximas atividades virtuais"},"content":{"rendered":"<p>A MMF LATAM \u00e9 a primeira Associa\u00e7\u00e3o Civil sem fins lucrativos, fundada em 2014, que re\u00fane gerentes e agentes musicais da Am\u00e9rica Latina. Foi criada na cidade de Medell\u00edn no \u00e2mbito da feira internacional da m\u00fasica, Circulart, com representantes fundacionais de 12 pa\u00edses. Sua sede administrativa est\u00e1 localizada na Col\u00f4mbia. Funciona como uma rede profissional internacional que tem como principal objetivo representar os interesses coletivos dos managers e agentes musicais e seus artistas na Am\u00e9rica Latina. Hoje \u00e9 composta por membros de mais de 15 pa\u00edses da Am\u00e9rica Latina e faz parte da IMMF (International Music Management Forum).<\/p>\n<p>Em 2020, como resultado do contexto de confinamento global causado pela pandemia do COVID 19, lan\u00e7aram um programa de capacita\u00e7\u00e3o de 13 sess\u00f5es abertas ao longo de 4 meses onde participaram os mais destacados e destacadas referentes da ind\u00fastria musical independente mundial e com uma participa\u00e7\u00e3o de mais de 2000 pessoas do setor musical e cultural em geral de 20 pa\u00edses da Am\u00e9rica Latina, Europa e Am\u00e9rica do Norte, tornando-se tend\u00eancia entre as atividades que a cena musical de Latam produziu em um ano inesquec\u00edvel para o setor. As tem\u00e1ticas abordadas abrangem desde os desafios das ag\u00eancias independentes, as pol\u00edticas p\u00fablicas com as que conta o setor na Iberoam\u00e9rica, vis\u00f5es, estrat\u00e9gias e alian\u00e7as no cen\u00e1rio atual musical e o que segue, formatos de equipe de trabalho, produ\u00e7\u00e3o musical independente, temas de direitos e cuidados, entre outros.<\/p>\n<p>No dia 16 de novembro realizar\u00e3o um novo encontro virtual sobre \u00abProcessos associativos e gremialismo na m\u00fasica\u00bb e no dia 23 de novembro ser\u00e1 o encerramento do ciclo com um encontro sobre \u00abCriptomonedas, NFTs e Contratos Inteligentes\u00bb<\/p>\n<p>Inscri\u00e7\u00f5es em:<a href=\"https:\/\/lt.mydplr.com\/6b1eb9cb8fbaacdad4cdf807d0e67965-81868bec073b3970fa62af291f12b42d\" target=\"_blank\" rel=\"noopener\" data-saferedirecturl=\"https:\/\/www.google.com\/url?q=https:\/\/lt.mydplr.com\/6b1eb9cb8fbaacdad4cdf807d0e67965-81868bec073b3970fa62af291f12b42d&amp;source=gmail&amp;ust=1637167710985000&amp;usg=AOvVaw2gbv9DTnGFR8Wj5MIkTXJL\">\u00a0www.mmf.la<\/a><\/p>\n","protected":false},"excerpt":{"rendered":"<p>A MMF LATAM \u00e9 a primeira Associa\u00e7\u00e3o Civil sem fins lucrativos, fundada em 2014, que re\u00fane gerentes e agentes musicais da Am\u00e9rica Latina. Foi criada na cidade de Medell\u00edn no \u00e2mbito da feira internacional da m\u00fasica, Circulart, com representantes fundacionais de 12 pa\u00edses. Sua sede administrativa est\u00e1 localizada na Col\u00f4mbia. Funciona como uma rede profissional [&hellip;]<\/p>\n","protected":false},"author":1,"featured_media":10763,"comment_status":"closed","ping_status":"closed","sticky":false,"template":"","format":"standard","meta":{"footnotes":""},"categories":[218],"tags":[],"class_list":["post-10765","post","type-post","status-publish","format-standard","has-post-thumbnail","hentry","category-noticias-generales-pt"],"lang":"pt","translations":{"pt":10765,"es":10762},"pll_sync_post":[],"post_mailing_queue_ids":[],"_links":{"self":[{"href":"http:\/\/staging.ibermusicas.org\/index.php\/wp-json\/wp\/v2\/posts\/10765","targetHints":{"allow":["GET"]}}],"collection":[{"href":"http:\/\/staging.ibermusicas.org\/index.php\/wp-json\/wp\/v2\/posts"}],"about":[{"href":"http:\/\/staging.ibermusicas.org\/index.php\/wp-json\/wp\/v2\/types\/post"}],"author":[{"embeddable":true,"href":"http:\/\/staging.ibermusicas.org\/index.php\/wp-json\/wp\/v2\/users\/1"}],"replies":[{"embeddable":true,"href":"http:\/\/staging.ibermusicas.org\/index.php\/wp-json\/wp\/v2\/comments?post=10765"}],"version-history":[{"count":1,"href":"http:\/\/staging.ibermusicas.org\/index.php\/wp-json\/wp\/v2\/posts\/10765\/revisions"}],"predecessor-version":[{"id":10766,"href":"http:\/\/staging.ibermusicas.org\/index.php\/wp-json\/wp\/v2\/posts\/10765\/revisions\/10766"}],"wp:featuredmedia":[{"embeddable":true,"href":"http:\/\/staging.ibermusicas.org\/index.php\/wp-json\/wp\/v2\/media\/10763"}],"wp:attachment":[{"href":"http:\/\/staging.ibermusicas.org\/index.php\/wp-json\/wp\/v2\/media?parent=10765"}],"wp:term":[{"taxonomy":"category","embeddable":true,"href":"http:\/\/staging.ibermusicas.org\/index.php\/wp-json\/wp\/v2\/categories?post=10765"},{"taxonomy":"post_tag","embeddable":true,"href":"http:\/\/staging.ibermusicas.org\/index.php\/wp-json\/wp\/v2\/tags?post=10765"}],"curies":[{"name":"wp","href":"https:\/\/api.w.org\/{rel}","templated":true}]}}