{"id":10952,"date":"2021-12-03T19:30:37","date_gmt":"2021-12-03T19:30:37","guid":{"rendered":"http:\/\/staging.ibermusicas.org\/?p=10952"},"modified":"2022-02-07T17:50:43","modified_gmt":"2022-02-07T17:50:43","slug":"da-argentina-chega-el-abrazo-cumbiero-da-america-latina-com-rosa-mimosa-y-sus-mariposas-de-portugal-e-santaferia-do-chile","status":"publish","type":"post","link":"http:\/\/staging.ibermusicas.org\/index.php\/da-argentina-chega-el-abrazo-cumbiero-da-america-latina-com-rosa-mimosa-y-sus-mariposas-de-portugal-e-santaferia-do-chile\/","title":{"rendered":"Da Argentina chega El Abrazo Cumbiero da Am\u00e9rica Latina com \u00abRosa Mimosa y sus Mariposas\u00bb de Portugal e \u00abSantaferia\u00bb do Chile"},"content":{"rendered":"<p>El Abrazo Cumbiero de Iberoam\u00e9rica \u00e9 uma s\u00e9rie audiovisual atrav\u00e9s da qual se pretende divulgar a situa\u00e7\u00e3o da cumbia emergente na Ibero-Am\u00e9rica por parte de algumas das principais bandas do g\u00eanero.<\/p>\n<p>A s\u00e9rie procura gerar conte\u00fados modernos e divertidos, ao mesmo tempo que d\u00e1 conta da situa\u00e7\u00e3o atual de um setor da m\u00fasica que \u00e9 a espinha dorsal de uma regi\u00e3o que deseja recuperar a alegria.<\/p>\n<p>Sexta-feira, 3 de dezembro, lan\u00e7amento da plataforma \u00abEl abrazo Cumbiero de Iberoam\u00e9rica\u00bb<br \/>\nQuarta-feira, 8 de dezembro, lan\u00e7amento do 1\u00ba programa com \u201cRosa Mimosa y sus mariposas\u201d<br \/>\nDomingo, 12 de dezembro, lan\u00e7amento do 2\u00ba programa com \u201cSantaferia\u201d do Chile<\/p>\n","protected":false},"excerpt":{"rendered":"<p>El Abrazo Cumbiero de Iberoam\u00e9rica \u00e9 uma s\u00e9rie audiovisual atrav\u00e9s da qual se pretende divulgar a situa\u00e7\u00e3o da cumbia emergente na Ibero-Am\u00e9rica por parte de algumas das principais bandas do g\u00eanero. A s\u00e9rie procura gerar conte\u00fados modernos e divertidos, ao mesmo tempo que d\u00e1 conta da situa\u00e7\u00e3o atual de um setor da m\u00fasica que \u00e9 [&hellip;]<\/p>\n","protected":false},"author":1,"featured_media":10957,"comment_status":"closed","ping_status":"closed","sticky":false,"template":"","format":"standard","meta":{"footnotes":""},"categories":[218],"tags":[],"class_list":["post-10952","post","type-post","status-publish","format-standard","has-post-thumbnail","hentry","category-noticias-generales-pt"],"lang":"pt","translations":{"pt":10952,"es":10953},"pll_sync_post":[],"post_mailing_queue_ids":[],"_links":{"self":[{"href":"http:\/\/staging.ibermusicas.org\/index.php\/wp-json\/wp\/v2\/posts\/10952","targetHints":{"allow":["GET"]}}],"collection":[{"href":"http:\/\/staging.ibermusicas.org\/index.php\/wp-json\/wp\/v2\/posts"}],"about":[{"href":"http:\/\/staging.ibermusicas.org\/index.php\/wp-json\/wp\/v2\/types\/post"}],"author":[{"embeddable":true,"href":"http:\/\/staging.ibermusicas.org\/index.php\/wp-json\/wp\/v2\/users\/1"}],"replies":[{"embeddable":true,"href":"http:\/\/staging.ibermusicas.org\/index.php\/wp-json\/wp\/v2\/comments?post=10952"}],"version-history":[{"count":1,"href":"http:\/\/staging.ibermusicas.org\/index.php\/wp-json\/wp\/v2\/posts\/10952\/revisions"}],"predecessor-version":[{"id":10956,"href":"http:\/\/staging.ibermusicas.org\/index.php\/wp-json\/wp\/v2\/posts\/10952\/revisions\/10956"}],"wp:featuredmedia":[{"embeddable":true,"href":"http:\/\/staging.ibermusicas.org\/index.php\/wp-json\/wp\/v2\/media\/10957"}],"wp:attachment":[{"href":"http:\/\/staging.ibermusicas.org\/index.php\/wp-json\/wp\/v2\/media?parent=10952"}],"wp:term":[{"taxonomy":"category","embeddable":true,"href":"http:\/\/staging.ibermusicas.org\/index.php\/wp-json\/wp\/v2\/categories?post=10952"},{"taxonomy":"post_tag","embeddable":true,"href":"http:\/\/staging.ibermusicas.org\/index.php\/wp-json\/wp\/v2\/tags?post=10952"}],"curies":[{"name":"wp","href":"https:\/\/api.w.org\/{rel}","templated":true}]}}