{"id":10953,"date":"2021-12-03T19:24:30","date_gmt":"2021-12-03T19:24:30","guid":{"rendered":"http:\/\/staging.ibermusicas.org\/?p=10953"},"modified":"2022-02-07T17:49:05","modified_gmt":"2022-02-07T17:49:05","slug":"desde-argentina-llega-el-abrazo-cumbiero-de-iberoamerica-con-rosa-mimosa-y-sus-mariposas-de-portugal-y-santaferia-de-chile","status":"publish","type":"post","link":"http:\/\/staging.ibermusicas.org\/index.php\/desde-argentina-llega-el-abrazo-cumbiero-de-iberoamerica-con-rosa-mimosa-y-sus-mariposas-de-portugal-y-santaferia-de-chile\/","title":{"rendered":"Desde Argentina llega El Abrazo Cumbiero de Iberoam\u00e9rica con \u201cRosa Mimosa y sus Mariposas\u201d de Portugal y \u201cSantaferia\u201d de Chile"},"content":{"rendered":"<p>El Abrazo Cumbiero de Iberoam\u00e9rica se trata de una serie audiovisual a trav\u00e9s de la cual se pretende dar a conocer la situaci\u00f3n de la cumbia emergente en Iberoam\u00e9rica de la mano de algunas de las principales bandas del g\u00e9nero.<\/p>\n<p>La serie busca generar un contenido moderno y divertido, a la vez que dar cuenta de la actualidad de un sector musical que es espina dorsal de una regi\u00f3n deseosa de recuperar la alegr\u00eda.<\/p>\n<p>Viernes 3 de diciembre, lanzamiento de la plataforma \u00abEl abrazo Cumbiero de Iberoam\u00e9rica\u00bb<br \/>\nMi\u00e9rcoles 8 de diciembre, lanzamiento del 1er programa con \u201cRosa Mimosa y sus Mariposas\u201d<br \/>\nDomingo 12 de diciembre, lanzamiento del 2 do programa con \u201cSantaferia\u201d de Chile<\/p>\n","protected":false},"excerpt":{"rendered":"<p>El Abrazo Cumbiero de Iberoam\u00e9rica se trata de una serie audiovisual a trav\u00e9s de la cual se pretende dar a conocer la situaci\u00f3n de la cumbia emergente en Iberoam\u00e9rica de la mano de algunas de las principales bandas del g\u00e9nero. La serie busca generar un contenido moderno y divertido, a la vez que dar cuenta [&hellip;]<\/p>\n","protected":false},"author":1,"featured_media":10954,"comment_status":"closed","ping_status":"closed","sticky":false,"template":"","format":"standard","meta":{"footnotes":""},"categories":[53],"tags":[],"class_list":["post-10953","post","type-post","status-publish","format-standard","has-post-thumbnail","hentry","category-noticias-generales"],"lang":"es","translations":{"es":10953,"pt":10952},"pll_sync_post":[],"post_mailing_queue_ids":[],"_links":{"self":[{"href":"http:\/\/staging.ibermusicas.org\/index.php\/wp-json\/wp\/v2\/posts\/10953","targetHints":{"allow":["GET"]}}],"collection":[{"href":"http:\/\/staging.ibermusicas.org\/index.php\/wp-json\/wp\/v2\/posts"}],"about":[{"href":"http:\/\/staging.ibermusicas.org\/index.php\/wp-json\/wp\/v2\/types\/post"}],"author":[{"embeddable":true,"href":"http:\/\/staging.ibermusicas.org\/index.php\/wp-json\/wp\/v2\/users\/1"}],"replies":[{"embeddable":true,"href":"http:\/\/staging.ibermusicas.org\/index.php\/wp-json\/wp\/v2\/comments?post=10953"}],"version-history":[{"count":1,"href":"http:\/\/staging.ibermusicas.org\/index.php\/wp-json\/wp\/v2\/posts\/10953\/revisions"}],"predecessor-version":[{"id":10955,"href":"http:\/\/staging.ibermusicas.org\/index.php\/wp-json\/wp\/v2\/posts\/10953\/revisions\/10955"}],"wp:featuredmedia":[{"embeddable":true,"href":"http:\/\/staging.ibermusicas.org\/index.php\/wp-json\/wp\/v2\/media\/10954"}],"wp:attachment":[{"href":"http:\/\/staging.ibermusicas.org\/index.php\/wp-json\/wp\/v2\/media?parent=10953"}],"wp:term":[{"taxonomy":"category","embeddable":true,"href":"http:\/\/staging.ibermusicas.org\/index.php\/wp-json\/wp\/v2\/categories?post=10953"},{"taxonomy":"post_tag","embeddable":true,"href":"http:\/\/staging.ibermusicas.org\/index.php\/wp-json\/wp\/v2\/tags?post=10953"}],"curies":[{"name":"wp","href":"https:\/\/api.w.org\/{rel}","templated":true}]}}