{"id":10958,"date":"2021-12-03T19:36:17","date_gmt":"2021-12-03T19:36:17","guid":{"rendered":"http:\/\/staging.ibermusicas.org\/?p=10958"},"modified":"2022-02-07T17:48:59","modified_gmt":"2022-02-07T17:48:59","slug":"durante-dos-semanas-del-mes-de-diciembre-un-grupo-de-maestras-y-maestros-coristas-de-colombia-y-de-cuba-llevara-adelante-el-intercambio-coral-colombia-cuba","status":"publish","type":"post","link":"http:\/\/staging.ibermusicas.org\/index.php\/durante-dos-semanas-del-mes-de-diciembre-un-grupo-de-maestras-y-maestros-coristas-de-colombia-y-de-cuba-llevara-adelante-el-intercambio-coral-colombia-cuba\/","title":{"rendered":"Durante dos semanas del mes de diciembre, un grupo de maestras y maestros coristas de Colombia y de Cuba llevar\u00e1 adelante el Intercambio Coral Colombia \u2013 Cuba"},"content":{"rendered":"<p>En el marco del Intercambio Coral Colombia \u2013 Cuba, docentes del Colegio San Francisco de As\u00eds de Tabio, Colombia viajar\u00e1n a Cuba por una semana para montar obras colombianas. A su vez, a la semana siguiente, maestras cubanas viajar\u00e1n a Colombia para el montaje de obras cubanas.<\/p>\n<p>En Cuba se trabajar\u00e1n dos bambucos (Los Cucaracheros y Ag\u00e1chate el Sombrerito), en Colombia ser\u00e1n trabajadas las obras A tu lado, El breve espacio en que no est\u00e1s y El bodeguero.<\/p>\n<p>Del 9 al 18 de diciembre en Cuba y Colombia<\/p>\n","protected":false},"excerpt":{"rendered":"<p>En el marco del Intercambio Coral Colombia \u2013 Cuba, docentes del Colegio San Francisco de As\u00eds de Tabio, Colombia viajar\u00e1n a Cuba por una semana para montar obras colombianas. A su vez, a la semana siguiente, maestras cubanas viajar\u00e1n a Colombia para el montaje de obras cubanas. En Cuba se trabajar\u00e1n dos bambucos (Los Cucaracheros [&hellip;]<\/p>\n","protected":false},"author":1,"featured_media":10959,"comment_status":"closed","ping_status":"closed","sticky":false,"template":"","format":"standard","meta":{"footnotes":""},"categories":[53],"tags":[],"class_list":["post-10958","post","type-post","status-publish","format-standard","has-post-thumbnail","hentry","category-noticias-generales"],"lang":"es","translations":{"es":10958,"pt":10961},"pll_sync_post":[],"post_mailing_queue_ids":[],"_links":{"self":[{"href":"http:\/\/staging.ibermusicas.org\/index.php\/wp-json\/wp\/v2\/posts\/10958","targetHints":{"allow":["GET"]}}],"collection":[{"href":"http:\/\/staging.ibermusicas.org\/index.php\/wp-json\/wp\/v2\/posts"}],"about":[{"href":"http:\/\/staging.ibermusicas.org\/index.php\/wp-json\/wp\/v2\/types\/post"}],"author":[{"embeddable":true,"href":"http:\/\/staging.ibermusicas.org\/index.php\/wp-json\/wp\/v2\/users\/1"}],"replies":[{"embeddable":true,"href":"http:\/\/staging.ibermusicas.org\/index.php\/wp-json\/wp\/v2\/comments?post=10958"}],"version-history":[{"count":1,"href":"http:\/\/staging.ibermusicas.org\/index.php\/wp-json\/wp\/v2\/posts\/10958\/revisions"}],"predecessor-version":[{"id":10960,"href":"http:\/\/staging.ibermusicas.org\/index.php\/wp-json\/wp\/v2\/posts\/10958\/revisions\/10960"}],"wp:featuredmedia":[{"embeddable":true,"href":"http:\/\/staging.ibermusicas.org\/index.php\/wp-json\/wp\/v2\/media\/10959"}],"wp:attachment":[{"href":"http:\/\/staging.ibermusicas.org\/index.php\/wp-json\/wp\/v2\/media?parent=10958"}],"wp:term":[{"taxonomy":"category","embeddable":true,"href":"http:\/\/staging.ibermusicas.org\/index.php\/wp-json\/wp\/v2\/categories?post=10958"},{"taxonomy":"post_tag","embeddable":true,"href":"http:\/\/staging.ibermusicas.org\/index.php\/wp-json\/wp\/v2\/tags?post=10958"}],"curies":[{"name":"wp","href":"https:\/\/api.w.org\/{rel}","templated":true}]}}