{"id":10961,"date":"2021-12-03T19:37:27","date_gmt":"2021-12-03T19:37:27","guid":{"rendered":"http:\/\/staging.ibermusicas.org\/?p=10961"},"modified":"2022-02-07T17:50:37","modified_gmt":"2022-02-07T17:50:37","slug":"durante-duas-semanas-do-mes-de-dezembro-um-grupo-de-maestras-e-mestros-coristas-da-colombia-e-de-cuba-levara-adiante-o-intercambio-coral-colombia-cuba","status":"publish","type":"post","link":"http:\/\/staging.ibermusicas.org\/index.php\/durante-duas-semanas-do-mes-de-dezembro-um-grupo-de-maestras-e-mestros-coristas-da-colombia-e-de-cuba-levara-adiante-o-intercambio-coral-colombia-cuba\/","title":{"rendered":"Durante duas semanas do m\u00eas de dezembro, um grupo de maestras e mestros coristas da Col\u00f4mbia e de Cuba levar\u00e1 adiante o Interc\u00e2mbio Coral Col\u00f4mbia \u2013 Cuba"},"content":{"rendered":"<p>No \u00e2mbito do Interc\u00e2mbio Coral Col\u00f4mbia &#8211; Cuba, docentes do Col\u00e9gio S\u00e3o Francisco de Assis de Tabio, Col\u00f4mbia viajar\u00e3o a Cuba por uma semana para montar obras colombianas. Por sua vez, na semana seguinte, professoras cubanas viajar\u00e3o \u00e0 Col\u00f4mbia para a montagem de obras cubanas.<\/p>\n<p>Em Cuba se trabalhar\u00e3o dois bambucos (Los Cucaracheros e Ag\u00e1chate el Sombrerito), na Col\u00f4mbia ser\u00e3o trabalhadas as obras Ao seu lado, O breve espa\u00e7o em que n\u00e3o est\u00e1 e O bodeguero.<\/p>\n<p>De 9 a 18 de dezembro em Cuba e Col\u00f4mbia<\/p>\n","protected":false},"excerpt":{"rendered":"<p>No \u00e2mbito do Interc\u00e2mbio Coral Col\u00f4mbia &#8211; Cuba, docentes do Col\u00e9gio S\u00e3o Francisco de Assis de Tabio, Col\u00f4mbia viajar\u00e3o a Cuba por uma semana para montar obras colombianas. Por sua vez, na semana seguinte, professoras cubanas viajar\u00e3o \u00e0 Col\u00f4mbia para a montagem de obras cubanas. Em Cuba se trabalhar\u00e3o dois bambucos (Los Cucaracheros e Ag\u00e1chate [&hellip;]<\/p>\n","protected":false},"author":1,"featured_media":10959,"comment_status":"closed","ping_status":"closed","sticky":false,"template":"","format":"standard","meta":{"footnotes":""},"categories":[218],"tags":[],"class_list":["post-10961","post","type-post","status-publish","format-standard","has-post-thumbnail","hentry","category-noticias-generales-pt"],"lang":"pt","translations":{"pt":10961,"es":10958},"pll_sync_post":[],"post_mailing_queue_ids":[],"_links":{"self":[{"href":"http:\/\/staging.ibermusicas.org\/index.php\/wp-json\/wp\/v2\/posts\/10961","targetHints":{"allow":["GET"]}}],"collection":[{"href":"http:\/\/staging.ibermusicas.org\/index.php\/wp-json\/wp\/v2\/posts"}],"about":[{"href":"http:\/\/staging.ibermusicas.org\/index.php\/wp-json\/wp\/v2\/types\/post"}],"author":[{"embeddable":true,"href":"http:\/\/staging.ibermusicas.org\/index.php\/wp-json\/wp\/v2\/users\/1"}],"replies":[{"embeddable":true,"href":"http:\/\/staging.ibermusicas.org\/index.php\/wp-json\/wp\/v2\/comments?post=10961"}],"version-history":[{"count":1,"href":"http:\/\/staging.ibermusicas.org\/index.php\/wp-json\/wp\/v2\/posts\/10961\/revisions"}],"predecessor-version":[{"id":10962,"href":"http:\/\/staging.ibermusicas.org\/index.php\/wp-json\/wp\/v2\/posts\/10961\/revisions\/10962"}],"wp:featuredmedia":[{"embeddable":true,"href":"http:\/\/staging.ibermusicas.org\/index.php\/wp-json\/wp\/v2\/media\/10959"}],"wp:attachment":[{"href":"http:\/\/staging.ibermusicas.org\/index.php\/wp-json\/wp\/v2\/media?parent=10961"}],"wp:term":[{"taxonomy":"category","embeddable":true,"href":"http:\/\/staging.ibermusicas.org\/index.php\/wp-json\/wp\/v2\/categories?post=10961"},{"taxonomy":"post_tag","embeddable":true,"href":"http:\/\/staging.ibermusicas.org\/index.php\/wp-json\/wp\/v2\/tags?post=10961"}],"curies":[{"name":"wp","href":"https:\/\/api.w.org\/{rel}","templated":true}]}}