{"id":10967,"date":"2021-12-03T19:43:52","date_gmt":"2021-12-03T19:43:52","guid":{"rendered":"http:\/\/staging.ibermusicas.org\/?p=10967"},"modified":"2022-02-07T17:50:30","modified_gmt":"2022-02-07T17:50:30","slug":"a-pianista-carolina-sepulveda-da-argentina-e-o-pianista-leonardo-escobar-da-colombia-realizarao-quatro-concertos-de-divulgacao-da-obra-de-compositoras-sul-americanas-de-musica-classica-e-academica","status":"publish","type":"post","link":"http:\/\/staging.ibermusicas.org\/index.php\/a-pianista-carolina-sepulveda-da-argentina-e-o-pianista-leonardo-escobar-da-colombia-realizarao-quatro-concertos-de-divulgacao-da-obra-de-compositoras-sul-americanas-de-musica-classica-e-academica\/","title":{"rendered":"A pianista Carolina Sep\u00falveda da Argentina e o pianista Leonardo Escobar da Col\u00f4mbia realizar\u00e3o quatro concertos de divulga\u00e7\u00e3o da obra de compositoras sul-americanas de m\u00fasica cl\u00e1ssica e acad\u00eamica"},"content":{"rendered":"<p>Com obras das compositoras Alba Potes (Col\u00f4mbia), Melissa Vargas (Col\u00f4mbia), Amparo \u00c1ngel (Col\u00f4mbia), Elena Larionow (Argentina), Marta Lambertini (Argentina), Irma Urteaga (Argentina), Alicia Terzian (Argentina), Lia Cimaglia (Argentina), Eunice Katunda (Brasil), Adelaide Pereira da Silva (Brasil) e Monica Arag\u00e3o (Brasil), Carolina Sep\u00falveda e Leonardo Escobar realizar\u00e3o esta s\u00e9rie de concertos e confer\u00eancias em modalidade virtual sobre obras de compositoras sul-americanas de m\u00fasica cl\u00e1ssica e acad\u00eamica. Buscam assim recapitular, rememorar e interpretar algumas de suas obras escritas especificamente para piano.<\/p>\n<p>A pianista Carolina Sep\u00falveda iniciou seus estudos musicais no Instituto Nacional Superior de Artes de General Roca-R\u00edo Negro, prosseguindo sua forma\u00e7\u00e3o acad\u00eamica no Departamento de Artes Musicais e Sonoras \u00abCarlos L\u00f3pez Buchardo\u00bb da cidade de Buenos Aires, onde se graduou com honras em piano e clavec\u00edn. Ofereceu numerosos concertos em qualidade de solista em salas e teatros da Argentina. Realizou diversos semin\u00e1rios, cursos e aulas de aperfei\u00e7oamento com professores de n\u00edvel internacional tais como Ljierko Spiller, Stefano Mancuso, Iv\u00e1n C\u00edtera, Rom\u00e1n Rosso, Alessandra Feris, Pilar Montoya, Trevor Pinnock, Alessandre Dossin, Blair McMillen e Vivian Weilerstein.<\/p>\n<p>O pianista Leonardo Escobar iniciou seus estudos de piano com Jos\u00e9 Mar\u00eda P\u00e1ez. Tocou como solista na Orquestra Sinf\u00f4nica do Conservat\u00f3rio Nacional, na Banda Sinf\u00f4nica de Chia e na Banda Sinf\u00f4nica de Valle. Realizou recitais de piano e m\u00fasica de c\u00e2mara nas principais cidades da Col\u00f4mbia, al\u00e9m de Peru, Brasil e Canad\u00e1. \u00c9 licenciado em M\u00fasica e mestre em Pedagogia do Piano e em Interpreta\u00e7\u00e3o. Colabora frequentemente com o tubista Fredy Romero da Orquestra Filarm\u00f4nica de Bogot\u00e1. Ele foi premiado com a Bolsa de Jovens Talentos do Minist\u00e9rio da Cultura em 2017 e com a bolsa de Estudos Superiores da Universidade de Montreal em 2018 e 2021. Ele est\u00e1 vinculado como professor na Escola de Artes e M\u00fasica da Universidade Sergio Arboleda desde 2015 e atualmente est\u00e1 cursando o Doutorado em Performance sob a orienta\u00e7\u00e3o do pianista Paul Stewart na Universidade de Montreal.<\/p>\n<p>Quinta-feira 2 e quinta-feira 9 de dezembro<br \/>\n<a href=\"https:\/\/lt.mydplr.com\/18945efc43bf8d49784e7a4817263325-81868bec073b3970fa62af291f12b42d\" target=\"_blank\" rel=\"noopener\" data-saferedirecturl=\"https:\/\/www.google.com\/url?q=https:\/\/lt.mydplr.com\/18945efc43bf8d49784e7a4817263325-81868bec073b3970fa62af291f12b42d&amp;source=gmail&amp;ust=1638638083251000&amp;usg=AOvVaw14p-oHQWAF3l2Ggz4UdUgt\">youtube.com<\/a><br \/>\nQuinta-feira 16 e quinta-feira 23 de dezembro<br \/>\n<a href=\"https:\/\/lt.mydplr.com\/c163fe94799d37664d4d3e6f19df92d4-81868bec073b3970fa62af291f12b42d\" target=\"_blank\" rel=\"noopener\" data-saferedirecturl=\"https:\/\/www.google.com\/url?q=https:\/\/lt.mydplr.com\/c163fe94799d37664d4d3e6f19df92d4-81868bec073b3970fa62af291f12b42d&amp;source=gmail&amp;ust=1638638083251000&amp;usg=AOvVaw0MjMe2byqTvDxRger6pNem\">youtube.com<\/a><\/p>\n","protected":false},"excerpt":{"rendered":"<p>Com obras das compositoras Alba Potes (Col\u00f4mbia), Melissa Vargas (Col\u00f4mbia), Amparo \u00c1ngel (Col\u00f4mbia), Elena Larionow (Argentina), Marta Lambertini (Argentina), Irma Urteaga (Argentina), Alicia Terzian (Argentina), Lia Cimaglia (Argentina), Eunice Katunda (Brasil), Adelaide Pereira da Silva (Brasil) e Monica Arag\u00e3o (Brasil), Carolina Sep\u00falveda e Leonardo Escobar realizar\u00e3o esta s\u00e9rie de concertos e confer\u00eancias em modalidade virtual [&hellip;]<\/p>\n","protected":false},"author":1,"featured_media":10965,"comment_status":"closed","ping_status":"closed","sticky":false,"template":"","format":"standard","meta":{"footnotes":""},"categories":[218],"tags":[],"class_list":["post-10967","post","type-post","status-publish","format-standard","has-post-thumbnail","hentry","category-noticias-generales-pt"],"lang":"pt","translations":{"pt":10967,"es":10963},"pll_sync_post":[],"post_mailing_queue_ids":[],"_links":{"self":[{"href":"http:\/\/staging.ibermusicas.org\/index.php\/wp-json\/wp\/v2\/posts\/10967","targetHints":{"allow":["GET"]}}],"collection":[{"href":"http:\/\/staging.ibermusicas.org\/index.php\/wp-json\/wp\/v2\/posts"}],"about":[{"href":"http:\/\/staging.ibermusicas.org\/index.php\/wp-json\/wp\/v2\/types\/post"}],"author":[{"embeddable":true,"href":"http:\/\/staging.ibermusicas.org\/index.php\/wp-json\/wp\/v2\/users\/1"}],"replies":[{"embeddable":true,"href":"http:\/\/staging.ibermusicas.org\/index.php\/wp-json\/wp\/v2\/comments?post=10967"}],"version-history":[{"count":1,"href":"http:\/\/staging.ibermusicas.org\/index.php\/wp-json\/wp\/v2\/posts\/10967\/revisions"}],"predecessor-version":[{"id":10968,"href":"http:\/\/staging.ibermusicas.org\/index.php\/wp-json\/wp\/v2\/posts\/10967\/revisions\/10968"}],"wp:featuredmedia":[{"embeddable":true,"href":"http:\/\/staging.ibermusicas.org\/index.php\/wp-json\/wp\/v2\/media\/10965"}],"wp:attachment":[{"href":"http:\/\/staging.ibermusicas.org\/index.php\/wp-json\/wp\/v2\/media?parent=10967"}],"wp:term":[{"taxonomy":"category","embeddable":true,"href":"http:\/\/staging.ibermusicas.org\/index.php\/wp-json\/wp\/v2\/categories?post=10967"},{"taxonomy":"post_tag","embeddable":true,"href":"http:\/\/staging.ibermusicas.org\/index.php\/wp-json\/wp\/v2\/tags?post=10967"}],"curies":[{"name":"wp","href":"https:\/\/api.w.org\/{rel}","templated":true}]}}