{"id":10971,"date":"2021-12-03T19:48:13","date_gmt":"2021-12-03T19:48:13","guid":{"rendered":"http:\/\/staging.ibermusicas.org\/?p=10971"},"modified":"2022-02-07T17:48:45","modified_gmt":"2022-02-07T17:48:45","slug":"se-realizara-en-licanten-chile-el-festival-de-musica-y-poesia-verso-de-rokha","status":"publish","type":"post","link":"http:\/\/staging.ibermusicas.org\/index.php\/se-realizara-en-licanten-chile-el-festival-de-musica-y-poesia-verso-de-rokha\/","title":{"rendered":"Se realizar\u00e1 en Licant\u00e9n, Chile, el festival de m\u00fasica y poes\u00eda \u201cVerso de Rokha\u201d"},"content":{"rendered":"<p>Verso de Rokha es un festival de m\u00fasica y poes\u00eda que homenajea y difunde la obra del gran poeta chileno nacido en Licant\u00e9n, Pablo de Rokha. Este festival surgi\u00f3 como un encuentro alternativo para brindar un espacio diferente para los j\u00f3venes y exaltar el talento de los artistas locales.<\/p>\n<p>S\u00e1bado 11 de diciembre, 22:00 hs. en Brunos Restaurante \u2013 Exterior, Licant\u00e9n, Chile<\/p>\n","protected":false},"excerpt":{"rendered":"<p>Verso de Rokha es un festival de m\u00fasica y poes\u00eda que homenajea y difunde la obra del gran poeta chileno nacido en Licant\u00e9n, Pablo de Rokha. Este festival surgi\u00f3 como un encuentro alternativo para brindar un espacio diferente para los j\u00f3venes y exaltar el talento de los artistas locales. S\u00e1bado 11 de diciembre, 22:00 hs. [&hellip;]<\/p>\n","protected":false},"author":1,"featured_media":10970,"comment_status":"closed","ping_status":"closed","sticky":false,"template":"","format":"standard","meta":{"footnotes":""},"categories":[53],"tags":[],"class_list":["post-10971","post","type-post","status-publish","format-standard","has-post-thumbnail","hentry","category-noticias-generales"],"lang":"es","translations":{"es":10971,"pt":10973},"pll_sync_post":[],"post_mailing_queue_ids":[],"_links":{"self":[{"href":"http:\/\/staging.ibermusicas.org\/index.php\/wp-json\/wp\/v2\/posts\/10971","targetHints":{"allow":["GET"]}}],"collection":[{"href":"http:\/\/staging.ibermusicas.org\/index.php\/wp-json\/wp\/v2\/posts"}],"about":[{"href":"http:\/\/staging.ibermusicas.org\/index.php\/wp-json\/wp\/v2\/types\/post"}],"author":[{"embeddable":true,"href":"http:\/\/staging.ibermusicas.org\/index.php\/wp-json\/wp\/v2\/users\/1"}],"replies":[{"embeddable":true,"href":"http:\/\/staging.ibermusicas.org\/index.php\/wp-json\/wp\/v2\/comments?post=10971"}],"version-history":[{"count":1,"href":"http:\/\/staging.ibermusicas.org\/index.php\/wp-json\/wp\/v2\/posts\/10971\/revisions"}],"predecessor-version":[{"id":10972,"href":"http:\/\/staging.ibermusicas.org\/index.php\/wp-json\/wp\/v2\/posts\/10971\/revisions\/10972"}],"wp:featuredmedia":[{"embeddable":true,"href":"http:\/\/staging.ibermusicas.org\/index.php\/wp-json\/wp\/v2\/media\/10970"}],"wp:attachment":[{"href":"http:\/\/staging.ibermusicas.org\/index.php\/wp-json\/wp\/v2\/media?parent=10971"}],"wp:term":[{"taxonomy":"category","embeddable":true,"href":"http:\/\/staging.ibermusicas.org\/index.php\/wp-json\/wp\/v2\/categories?post=10971"},{"taxonomy":"post_tag","embeddable":true,"href":"http:\/\/staging.ibermusicas.org\/index.php\/wp-json\/wp\/v2\/tags?post=10971"}],"curies":[{"name":"wp","href":"https:\/\/api.w.org\/{rel}","templated":true}]}}