{"id":10973,"date":"2021-12-03T19:49:24","date_gmt":"2021-12-03T19:49:24","guid":{"rendered":"http:\/\/staging.ibermusicas.org\/?p=10973"},"modified":"2022-02-07T17:50:23","modified_gmt":"2022-02-07T17:50:23","slug":"sera-realizado-em-licanten-chile-o-festival-de-musica-e-poesia-verso-de-rokha","status":"publish","type":"post","link":"http:\/\/staging.ibermusicas.org\/index.php\/sera-realizado-em-licanten-chile-o-festival-de-musica-e-poesia-verso-de-rokha\/","title":{"rendered":"Ser\u00e1 realizado em Licant\u00e9n, Chile, o festival de m\u00fasica e poesia \u00abVerso de Rokha\u00bb"},"content":{"rendered":"<p>Verso de Rokha \u00e9 um festival de m\u00fasica e poesia que homenageia e difunde a obra do grande poeta chileno nascido em Licant\u00e9n, Pablo de Rokha. Este festival surgiu como um encontro alternativo para proporcionar um espa\u00e7o diferente para os jovens e exaltar o talento dos artistas locais.<\/p>\n<p>S\u00e1bado 11 de dezembro, 22:00 hs. en Brunos Restaurante &#8211; Exterior, Licant\u00e9n, Chile<\/p>\n","protected":false},"excerpt":{"rendered":"<p>Verso de Rokha \u00e9 um festival de m\u00fasica e poesia que homenageia e difunde a obra do grande poeta chileno nascido em Licant\u00e9n, Pablo de Rokha. Este festival surgiu como um encontro alternativo para proporcionar um espa\u00e7o diferente para os jovens e exaltar o talento dos artistas locais. S\u00e1bado 11 de dezembro, 22:00 hs. en [&hellip;]<\/p>\n","protected":false},"author":1,"featured_media":10970,"comment_status":"closed","ping_status":"closed","sticky":false,"template":"","format":"standard","meta":{"footnotes":""},"categories":[218],"tags":[],"class_list":["post-10973","post","type-post","status-publish","format-standard","has-post-thumbnail","hentry","category-noticias-generales-pt"],"lang":"pt","translations":{"pt":10973,"es":10971},"pll_sync_post":[],"post_mailing_queue_ids":[],"_links":{"self":[{"href":"http:\/\/staging.ibermusicas.org\/index.php\/wp-json\/wp\/v2\/posts\/10973","targetHints":{"allow":["GET"]}}],"collection":[{"href":"http:\/\/staging.ibermusicas.org\/index.php\/wp-json\/wp\/v2\/posts"}],"about":[{"href":"http:\/\/staging.ibermusicas.org\/index.php\/wp-json\/wp\/v2\/types\/post"}],"author":[{"embeddable":true,"href":"http:\/\/staging.ibermusicas.org\/index.php\/wp-json\/wp\/v2\/users\/1"}],"replies":[{"embeddable":true,"href":"http:\/\/staging.ibermusicas.org\/index.php\/wp-json\/wp\/v2\/comments?post=10973"}],"version-history":[{"count":1,"href":"http:\/\/staging.ibermusicas.org\/index.php\/wp-json\/wp\/v2\/posts\/10973\/revisions"}],"predecessor-version":[{"id":10976,"href":"http:\/\/staging.ibermusicas.org\/index.php\/wp-json\/wp\/v2\/posts\/10973\/revisions\/10976"}],"wp:featuredmedia":[{"embeddable":true,"href":"http:\/\/staging.ibermusicas.org\/index.php\/wp-json\/wp\/v2\/media\/10970"}],"wp:attachment":[{"href":"http:\/\/staging.ibermusicas.org\/index.php\/wp-json\/wp\/v2\/media?parent=10973"}],"wp:term":[{"taxonomy":"category","embeddable":true,"href":"http:\/\/staging.ibermusicas.org\/index.php\/wp-json\/wp\/v2\/categories?post=10973"},{"taxonomy":"post_tag","embeddable":true,"href":"http:\/\/staging.ibermusicas.org\/index.php\/wp-json\/wp\/v2\/tags?post=10973"}],"curies":[{"name":"wp","href":"https:\/\/api.w.org\/{rel}","templated":true}]}}