{"id":10979,"date":"2021-12-03T19:53:20","date_gmt":"2021-12-03T19:53:20","guid":{"rendered":"http:\/\/staging.ibermusicas.org\/?p=10979"},"modified":"2022-02-07T17:48:30","modified_gmt":"2022-02-07T17:48:30","slug":"la-agrupacion-ovejas-negras-de-paraguay-sera-parte-del-indie-fest-campeche-de-mexico","status":"publish","type":"post","link":"http:\/\/staging.ibermusicas.org\/index.php\/la-agrupacion-ovejas-negras-de-paraguay-sera-parte-del-indie-fest-campeche-de-mexico\/","title":{"rendered":"La agrupaci\u00f3n Ovejas Negras de Paraguay ser\u00e1 parte del Indie Fest Campeche de M\u00e9xico"},"content":{"rendered":"<p>La banda paraguaya de rock n\u2019 roll Ovejas Negras participar\u00e1 del Festival Internacional Indie Fest Campeche 2021 que se realizar\u00e1 por segundo a\u00f1o consecutivo de manera virtual. La agrupaci\u00f3n que cumpli\u00f3 este a\u00f1o 9 a\u00f1os de trayectoria se presentar\u00e1 en la oportunidad con un video in\u00e9dito, grabado y filmado el pasado 17 de noviembre en el Museo de la Electricidad de la ANDE, Sajonia, Asunci\u00f3n. Cont\u00f3 con la producci\u00f3n de la banda y la direcci\u00f3n a cargo de Roque Silvero y Pablo Aquino. El material, de un poco m\u00e1s de media hora de duraci\u00f3n, cuenta con 8 canciones, de autor\u00eda propia de la banda, incluyendo el \u00faltimo lanzamiento, la canci\u00f3n \u201cQuiero todo con vos\u201d que fue estrenada hace poco m\u00e1s de un mes, segundo corte promocional del pr\u00f3ximo trabajo discogr\u00e1fico a ser lanzado en 2022. Ovejas Negras est\u00e1 formado actualmente por Sebasti\u00e1n Acosta en guitarra ac\u00fastica y voz, Juan Carlos \u201cYumito\u201d Acosta en guitarra el\u00e9ctrica, Ronald Ruiz D\u00edaz en guitarra el\u00e9ctrica, Fernando Noguera en el Bajo y Javier Ben\u00edtez en bater\u00eda.<\/p>\n<p>S\u00e1bado 4 de diciembre en\u00a0<a href=\"https:\/\/lt.mydplr.com\/b80cbaa1058f7ead43326c8b39e37494-81868bec073b3970fa62af291f12b42d\" target=\"_blank\" rel=\"noopener\" data-saferedirecturl=\"https:\/\/www.google.com\/url?hl=es&amp;q=https:\/\/lt.mydplr.com\/b80cbaa1058f7ead43326c8b39e37494-81868bec073b3970fa62af291f12b42d&amp;source=gmail&amp;ust=1638647426964000&amp;usg=AOvVaw1ov4ZdhNRU3fNTFpfVbhRZ\">facebook.com<\/a><\/p>\n","protected":false},"excerpt":{"rendered":"<p>La banda paraguaya de rock n\u2019 roll Ovejas Negras participar\u00e1 del Festival Internacional Indie Fest Campeche 2021 que se realizar\u00e1 por segundo a\u00f1o consecutivo de manera virtual. La agrupaci\u00f3n que cumpli\u00f3 este a\u00f1o 9 a\u00f1os de trayectoria se presentar\u00e1 en la oportunidad con un video in\u00e9dito, grabado y filmado el pasado 17 de noviembre en [&hellip;]<\/p>\n","protected":false},"author":1,"featured_media":10980,"comment_status":"closed","ping_status":"closed","sticky":false,"template":"","format":"standard","meta":{"footnotes":""},"categories":[53],"tags":[],"class_list":["post-10979","post","type-post","status-publish","format-standard","has-post-thumbnail","hentry","category-noticias-generales"],"lang":"es","translations":{"es":10979,"pt":10983},"pll_sync_post":[],"post_mailing_queue_ids":[],"_links":{"self":[{"href":"http:\/\/staging.ibermusicas.org\/index.php\/wp-json\/wp\/v2\/posts\/10979","targetHints":{"allow":["GET"]}}],"collection":[{"href":"http:\/\/staging.ibermusicas.org\/index.php\/wp-json\/wp\/v2\/posts"}],"about":[{"href":"http:\/\/staging.ibermusicas.org\/index.php\/wp-json\/wp\/v2\/types\/post"}],"author":[{"embeddable":true,"href":"http:\/\/staging.ibermusicas.org\/index.php\/wp-json\/wp\/v2\/users\/1"}],"replies":[{"embeddable":true,"href":"http:\/\/staging.ibermusicas.org\/index.php\/wp-json\/wp\/v2\/comments?post=10979"}],"version-history":[{"count":1,"href":"http:\/\/staging.ibermusicas.org\/index.php\/wp-json\/wp\/v2\/posts\/10979\/revisions"}],"predecessor-version":[{"id":10981,"href":"http:\/\/staging.ibermusicas.org\/index.php\/wp-json\/wp\/v2\/posts\/10979\/revisions\/10981"}],"wp:featuredmedia":[{"embeddable":true,"href":"http:\/\/staging.ibermusicas.org\/index.php\/wp-json\/wp\/v2\/media\/10980"}],"wp:attachment":[{"href":"http:\/\/staging.ibermusicas.org\/index.php\/wp-json\/wp\/v2\/media?parent=10979"}],"wp:term":[{"taxonomy":"category","embeddable":true,"href":"http:\/\/staging.ibermusicas.org\/index.php\/wp-json\/wp\/v2\/categories?post=10979"},{"taxonomy":"post_tag","embeddable":true,"href":"http:\/\/staging.ibermusicas.org\/index.php\/wp-json\/wp\/v2\/tags?post=10979"}],"curies":[{"name":"wp","href":"https:\/\/api.w.org\/{rel}","templated":true}]}}