{"id":10986,"date":"2021-12-03T19:57:21","date_gmt":"2021-12-03T19:57:21","guid":{"rendered":"http:\/\/staging.ibermusicas.org\/?p=10986"},"modified":"2021-12-03T19:57:21","modified_gmt":"2021-12-03T19:57:21","slug":"la-artista-chilena-veronica-jara-se-presentara-en-el-festival-sonamos-latinoamerica-de-costa-rica","status":"publish","type":"post","link":"http:\/\/staging.ibermusicas.org\/index.php\/la-artista-chilena-veronica-jara-se-presentara-en-el-festival-sonamos-latinoamerica-de-costa-rica\/","title":{"rendered":"La artista chilena Ver\u00f3nica Jara se presentar\u00e1 en el Festival Sonamos Latinoam\u00e9rica de Costa Rica"},"content":{"rendered":"<p>Ver\u00f3nica Jara Banda presenta un espect\u00e1culo basado en la m\u00fasica de ra\u00edz folcl\u00f3rica chilena con canciones propias y tambi\u00e9n del repertorio tradicional y de autores emblem\u00e1ticos chilenos. La cueca, y otros ritmos tradicionales,se unen con los sonidos del jazz y del blues dando los colores tradicionales de la banda.<\/p>\n<p>Ver\u00f3nica Jara es autora, compositora e int\u00e9rprete de m\u00fasica de ra\u00edz folcl\u00f3rica chilena y latinoamericana fusionada con los sonidos del blues y jazz. Es egresada de la carrera de composici\u00f3n y arreglos de m\u00fasica popular en la escuela de Artes de la M\u00fasica Popular SCD. Ejerce como profesora de T\u00e9cnica Vocal en diversas instituciones. En 1998 obtuvo el premio a la mejor int\u00e9rprete del g\u00e9nero folcl\u00f3rico en el festival de Vi\u00f1a del Mar. En 2008 gan\u00f3 la competencia nacional y represent\u00f3 a Chile en la competencia folcl\u00f3rica internacional del festival de la canci\u00f3n de Vi\u00f1a del Mar. Ha realizado giras de conciertos en Argentina, Per\u00fa, M\u00e9xico, Brasil y Alemania.<\/p>\n<p>Del 1ero al 6 de diciembre, Festival Sonamos Latinoam\u00e9rica de Costa Rica. Presentaciones en Villa Col\u00f3n, Ciudad de Monteverde, San Jos\u00e9, Puntaerenas y Guanacaste.<\/p>\n","protected":false},"excerpt":{"rendered":"<p>Ver\u00f3nica Jara Banda presenta un espect\u00e1culo basado en la m\u00fasica de ra\u00edz folcl\u00f3rica chilena con canciones propias y tambi\u00e9n del repertorio tradicional y de autores emblem\u00e1ticos chilenos. La cueca, y otros ritmos tradicionales,se unen con los sonidos del jazz y del blues dando los colores tradicionales de la banda. Ver\u00f3nica Jara es autora, compositora e [&hellip;]<\/p>\n","protected":false},"author":1,"featured_media":10987,"comment_status":"closed","ping_status":"closed","sticky":false,"template":"","format":"standard","meta":{"footnotes":""},"categories":[53],"tags":[],"class_list":["post-10986","post","type-post","status-publish","format-standard","has-post-thumbnail","hentry","category-noticias-generales"],"lang":"es","translations":{"es":10986,"pt":10989},"pll_sync_post":[],"post_mailing_queue_ids":[],"_links":{"self":[{"href":"http:\/\/staging.ibermusicas.org\/index.php\/wp-json\/wp\/v2\/posts\/10986","targetHints":{"allow":["GET"]}}],"collection":[{"href":"http:\/\/staging.ibermusicas.org\/index.php\/wp-json\/wp\/v2\/posts"}],"about":[{"href":"http:\/\/staging.ibermusicas.org\/index.php\/wp-json\/wp\/v2\/types\/post"}],"author":[{"embeddable":true,"href":"http:\/\/staging.ibermusicas.org\/index.php\/wp-json\/wp\/v2\/users\/1"}],"replies":[{"embeddable":true,"href":"http:\/\/staging.ibermusicas.org\/index.php\/wp-json\/wp\/v2\/comments?post=10986"}],"version-history":[{"count":1,"href":"http:\/\/staging.ibermusicas.org\/index.php\/wp-json\/wp\/v2\/posts\/10986\/revisions"}],"predecessor-version":[{"id":10988,"href":"http:\/\/staging.ibermusicas.org\/index.php\/wp-json\/wp\/v2\/posts\/10986\/revisions\/10988"}],"wp:featuredmedia":[{"embeddable":true,"href":"http:\/\/staging.ibermusicas.org\/index.php\/wp-json\/wp\/v2\/media\/10987"}],"wp:attachment":[{"href":"http:\/\/staging.ibermusicas.org\/index.php\/wp-json\/wp\/v2\/media?parent=10986"}],"wp:term":[{"taxonomy":"category","embeddable":true,"href":"http:\/\/staging.ibermusicas.org\/index.php\/wp-json\/wp\/v2\/categories?post=10986"},{"taxonomy":"post_tag","embeddable":true,"href":"http:\/\/staging.ibermusicas.org\/index.php\/wp-json\/wp\/v2\/tags?post=10986"}],"curies":[{"name":"wp","href":"https:\/\/api.w.org\/{rel}","templated":true}]}}