{"id":10989,"date":"2021-12-03T19:59:18","date_gmt":"2021-12-03T19:59:18","guid":{"rendered":"http:\/\/staging.ibermusicas.org\/?p=10989"},"modified":"2021-12-03T19:59:18","modified_gmt":"2021-12-03T19:59:18","slug":"a-artista-chilena-veronica-jara-se-apresentara-no-festival-sonamos-latinoamerica-da-costa-rica","status":"publish","type":"post","link":"http:\/\/staging.ibermusicas.org\/index.php\/a-artista-chilena-veronica-jara-se-apresentara-no-festival-sonamos-latinoamerica-da-costa-rica\/","title":{"rendered":"A artista chilena Veronica Jara se apresentar\u00e1 no Festival Sonamos Latinoam\u00e9rica da Costa Rica"},"content":{"rendered":"<p>Ver\u00f3nica Jara Banda apresenta um espet\u00e1culo baseado na m\u00fasica de raiz folcl\u00f3rica chilena com can\u00e7\u00f5es pr\u00f3prias e tamb\u00e9m do repert\u00f3rio tradicional e de autores emblem\u00e1ticos chilenos. A cueca, e outros ritmos tradicionais, se unem com os sons do jazz e do blues dando as cores tradicionais da banda.<\/p>\n<p>Veronica Jara \u00e9 autora, compositora e int\u00e9rprete de M\u00fasica de raiz folcl\u00f3rica chilena e latino-americana fundida com os sons do blues e jazz. \u00c9 formada na carreira de composi\u00e7\u00e3o e arranjos de m\u00fasica popular na Escola de Artes da M\u00fasica Popular SCD. Ela \u00e9 professora de T\u00e9cnica Vocal em v\u00e1rias institui\u00e7\u00f5es. Em 1998 ganhou o pr\u00eamio de melhor int\u00e9rprete do g\u00eanero folcl\u00f3rico no festival de Vi\u00f1a del Mar. Em 2008 ganhou a competi\u00e7\u00e3o nacional e representou o Chile na competi\u00e7\u00e3o folcl\u00f3rica internacional do festival da can\u00e7\u00e3o de Vi\u00f1a del Mar. Realizou turn\u00eas de concertos em Argentina, Peru, M\u00e9xico, Brasil e Alemanha.<\/p>\n<p>De 1\u00ba a 6 de dezembro, o Festival Sonamos Am\u00e9rica Latina da Costa Rica. Apresenta\u00e7\u00f5es em Villa Col\u00f3n, Cidade de Monteverde, San Jos\u00e9, Puntaerenas e Guanacaste.<\/p>\n","protected":false},"excerpt":{"rendered":"<p>Ver\u00f3nica Jara Banda apresenta um espet\u00e1culo baseado na m\u00fasica de raiz folcl\u00f3rica chilena com can\u00e7\u00f5es pr\u00f3prias e tamb\u00e9m do repert\u00f3rio tradicional e de autores emblem\u00e1ticos chilenos. A cueca, e outros ritmos tradicionais, se unem com os sons do jazz e do blues dando as cores tradicionais da banda. Veronica Jara \u00e9 autora, compositora e int\u00e9rprete [&hellip;]<\/p>\n","protected":false},"author":1,"featured_media":10987,"comment_status":"closed","ping_status":"closed","sticky":false,"template":"","format":"standard","meta":{"footnotes":""},"categories":[218],"tags":[],"class_list":["post-10989","post","type-post","status-publish","format-standard","has-post-thumbnail","hentry","category-noticias-generales-pt"],"lang":"pt","translations":{"pt":10989,"es":10986},"pll_sync_post":[],"post_mailing_queue_ids":[],"_links":{"self":[{"href":"http:\/\/staging.ibermusicas.org\/index.php\/wp-json\/wp\/v2\/posts\/10989","targetHints":{"allow":["GET"]}}],"collection":[{"href":"http:\/\/staging.ibermusicas.org\/index.php\/wp-json\/wp\/v2\/posts"}],"about":[{"href":"http:\/\/staging.ibermusicas.org\/index.php\/wp-json\/wp\/v2\/types\/post"}],"author":[{"embeddable":true,"href":"http:\/\/staging.ibermusicas.org\/index.php\/wp-json\/wp\/v2\/users\/1"}],"replies":[{"embeddable":true,"href":"http:\/\/staging.ibermusicas.org\/index.php\/wp-json\/wp\/v2\/comments?post=10989"}],"version-history":[{"count":1,"href":"http:\/\/staging.ibermusicas.org\/index.php\/wp-json\/wp\/v2\/posts\/10989\/revisions"}],"predecessor-version":[{"id":10991,"href":"http:\/\/staging.ibermusicas.org\/index.php\/wp-json\/wp\/v2\/posts\/10989\/revisions\/10991"}],"wp:featuredmedia":[{"embeddable":true,"href":"http:\/\/staging.ibermusicas.org\/index.php\/wp-json\/wp\/v2\/media\/10987"}],"wp:attachment":[{"href":"http:\/\/staging.ibermusicas.org\/index.php\/wp-json\/wp\/v2\/media?parent=10989"}],"wp:term":[{"taxonomy":"category","embeddable":true,"href":"http:\/\/staging.ibermusicas.org\/index.php\/wp-json\/wp\/v2\/categories?post=10989"},{"taxonomy":"post_tag","embeddable":true,"href":"http:\/\/staging.ibermusicas.org\/index.php\/wp-json\/wp\/v2\/tags?post=10989"}],"curies":[{"name":"wp","href":"https:\/\/api.w.org\/{rel}","templated":true}]}}