{"id":11048,"date":"2021-12-06T17:37:18","date_gmt":"2021-12-06T17:37:18","guid":{"rendered":"http:\/\/staging.ibermusicas.org\/?p=11048"},"modified":"2021-12-06T17:37:18","modified_gmt":"2021-12-06T17:37:18","slug":"la-cantante-y-compositora-argentina-analia-garcetti-presenta-el-resultado-de-su-residencia-compositiva-junto-a-los-artistas-brasilenos-manu-saggioro-y-murilo-silvestrim","status":"publish","type":"post","link":"http:\/\/staging.ibermusicas.org\/index.php\/la-cantante-y-compositora-argentina-analia-garcetti-presenta-el-resultado-de-su-residencia-compositiva-junto-a-los-artistas-brasilenos-manu-saggioro-y-murilo-silvestrim\/","title":{"rendered":"La cantante y compositora argentina Anal\u00eda Garcetti presenta el resultado de su residencia compositiva junto a los artistas brasile\u00f1os Manu Saggioro y Murilo Silvestrim"},"content":{"rendered":"<p>El proyecto de residencia art\u00edstica La Trama Invisible, fue realizado de forma virtual, entre abril y noviembre de 2021. Dos compositores de Brasil, Manu Saggioro (Bauru- SP) y Murilo Silvestrim, (Curitiba) junto a la compositora Anal\u00eda Garcetti, de Mendoza, Argentina, crearon canciones tejiendo los hilos invisibles que los reconocen como expresi\u00f3n de un mismo continente: la magia de la confianza y el amor por la m\u00fasica. El resultado se trata de cinco canciones que hablan de paisajes exteriores e interiores, de costumbres, de vida, de muerte, de esa trama invisible que nos conforma y nos conecta.<\/p>\n<p>Anal\u00eda Garcetti, naci\u00f3 en Mendoza, Argentina. Desde ni\u00f1a comparti\u00f3 la m\u00fasica en su familia, llegando a formar un tr\u00edo con sus hermanas Ada y Adriana, llamado Vocal Tr\u00eda. A partir del a\u00f1o 2000 empieza a componer sus propias canciones. Egresada de la Facultad de Artes UNCuyo como Directora Coral, trabaja en docencia de niveles medios y universitarios, como profesora de M\u00fasica. Tambi\u00e9n se desempe\u00f1\u00f3 en la gesti\u00f3n y producci\u00f3n cultural y fue directora del espacio cooperativo cultural \u201cEl Ojo Azul\u201d. Tiene editados tres discos \u201cCantos de Arena\u201d, \u201c12 Uvas\u201d y \u201cL\u00fanica\u201d con temas propios en los cuales manifiesta su amor por la m\u00fasica y la poes\u00eda y su compromiso con la belleza. Ha participado en variados festivales provinciales y nacionales y realizado giras por Brasil y Colombia.<\/p>\n<p>Manu Saggioro es cantante, compositora e instrumentista natural de Ja\u00fa, vive entre Bauru y S\u00e3o Paulo. Transita el camino de la m\u00fasica desde 2001. En 2001, recorri\u00f3 12 estados brasile\u00f1os de paseo con la guitarra en la espalda. Viajando por las monta\u00f1as y costas, visit\u00f3 capitales, aldeas y comunidades en busca de las ra\u00edces sonoras de Brasil. En 2006, con la intenci\u00f3n de experimentar otros sabores musicales, visit\u00f3 nueve pa\u00edses europeos tocando en las calles, en pubs y peque\u00f1os festivales.<\/p>\n<p>Murilo Silvestrim es natural de Maring\u00e1, pero criado en Curitiba desde ni\u00f1o. Es compositor apasionado de la canci\u00f3n y de todas las cosas. Desarrolla un trabajo conjunto entre m\u00fasica, poes\u00eda y literatura. Busca, por medio de ese trabajo, sumergirse en el arte del d\u00eda a d\u00eda y expresar sus inquietudes. En 2018 circul\u00f3 por Brasil haciendo shows por el circuito Dando y lanz\u00f3 su primer libro llamado \u201cViaje al inicio de las cosas\u201d. Trabaja como instrumentista, cantante, compositor y arreglista present\u00e1ndose en diversos estados del pa\u00eds. A principios de 2021 lanz\u00f3 el EP \u00abA \u00faltima luz acesa madrugada adentro \u00bb que habla sobre el per\u00edodo de aislamiento ocasionado por la pandemia. En julio lanz\u00f3 \u201cEncontrar\u201d, su tercer trabajo.<\/p>\n<p>Video de \u201cA primeira luz do d\u00eda\u201d:<a href=\"https:\/\/lt.mydplr.com\/79714a62adab96c7078650b00deef045-81868bec073b3970fa62af291f12b42d\" target=\"_blank\" rel=\"noopener\" data-saferedirecturl=\"https:\/\/www.google.com\/url?hl=es&amp;q=https:\/\/lt.mydplr.com\/79714a62adab96c7078650b00deef045-81868bec073b3970fa62af291f12b42d&amp;source=gmail&amp;ust=1638897553093000&amp;usg=AOvVaw1U8VnNpNLrONB24y5ivtNj\">\u00a0youtube.com<\/a><br \/>\nDocumental:<a href=\"https:\/\/lt.mydplr.com\/41bb95d4632b807a88b141867b352709-81868bec073b3970fa62af291f12b42d\" target=\"_blank\" rel=\"noopener\" data-saferedirecturl=\"https:\/\/www.google.com\/url?hl=es&amp;q=https:\/\/lt.mydplr.com\/41bb95d4632b807a88b141867b352709-81868bec073b3970fa62af291f12b42d&amp;source=gmail&amp;ust=1638897553093000&amp;usg=AOvVaw11s9KqDV7eK90cHJawaw4j\">\u00a0youtube.com<\/a><br \/>\nEP completo en:\u00a0<a href=\"https:\/\/lt.mydplr.com\/21423e5a7c153bb76505c598b60571b8-81868bec073b3970fa62af291f12b42d\" target=\"_blank\" rel=\"noopener\" data-saferedirecturl=\"https:\/\/www.google.com\/url?hl=es&amp;q=https:\/\/lt.mydplr.com\/21423e5a7c153bb76505c598b60571b8-81868bec073b3970fa62af291f12b42d&amp;source=gmail&amp;ust=1638897553093000&amp;usg=AOvVaw28cx2C81tm863Rd5JT0bNi\">youtube.com<\/a><\/p>\n","protected":false},"excerpt":{"rendered":"<p>El proyecto de residencia art\u00edstica La Trama Invisible, fue realizado de forma virtual, entre abril y noviembre de 2021. Dos compositores de Brasil, Manu Saggioro (Bauru- SP) y Murilo Silvestrim, (Curitiba) junto a la compositora Anal\u00eda Garcetti, de Mendoza, Argentina, crearon canciones tejiendo los hilos invisibles que los reconocen como expresi\u00f3n de un mismo continente: [&hellip;]<\/p>\n","protected":false},"author":1,"featured_media":11049,"comment_status":"closed","ping_status":"closed","sticky":false,"template":"","format":"standard","meta":{"footnotes":""},"categories":[53],"tags":[],"class_list":["post-11048","post","type-post","status-publish","format-standard","has-post-thumbnail","hentry","category-noticias-generales"],"lang":"es","translations":{"es":11048,"pt":11051},"pll_sync_post":[],"post_mailing_queue_ids":[],"_links":{"self":[{"href":"http:\/\/staging.ibermusicas.org\/index.php\/wp-json\/wp\/v2\/posts\/11048","targetHints":{"allow":["GET"]}}],"collection":[{"href":"http:\/\/staging.ibermusicas.org\/index.php\/wp-json\/wp\/v2\/posts"}],"about":[{"href":"http:\/\/staging.ibermusicas.org\/index.php\/wp-json\/wp\/v2\/types\/post"}],"author":[{"embeddable":true,"href":"http:\/\/staging.ibermusicas.org\/index.php\/wp-json\/wp\/v2\/users\/1"}],"replies":[{"embeddable":true,"href":"http:\/\/staging.ibermusicas.org\/index.php\/wp-json\/wp\/v2\/comments?post=11048"}],"version-history":[{"count":1,"href":"http:\/\/staging.ibermusicas.org\/index.php\/wp-json\/wp\/v2\/posts\/11048\/revisions"}],"predecessor-version":[{"id":11050,"href":"http:\/\/staging.ibermusicas.org\/index.php\/wp-json\/wp\/v2\/posts\/11048\/revisions\/11050"}],"wp:featuredmedia":[{"embeddable":true,"href":"http:\/\/staging.ibermusicas.org\/index.php\/wp-json\/wp\/v2\/media\/11049"}],"wp:attachment":[{"href":"http:\/\/staging.ibermusicas.org\/index.php\/wp-json\/wp\/v2\/media?parent=11048"}],"wp:term":[{"taxonomy":"category","embeddable":true,"href":"http:\/\/staging.ibermusicas.org\/index.php\/wp-json\/wp\/v2\/categories?post=11048"},{"taxonomy":"post_tag","embeddable":true,"href":"http:\/\/staging.ibermusicas.org\/index.php\/wp-json\/wp\/v2\/tags?post=11048"}],"curies":[{"name":"wp","href":"https:\/\/api.w.org\/{rel}","templated":true}]}}