{"id":11051,"date":"2021-12-06T17:38:36","date_gmt":"2021-12-06T17:38:36","guid":{"rendered":"http:\/\/staging.ibermusicas.org\/?p=11051"},"modified":"2021-12-06T17:38:36","modified_gmt":"2021-12-06T17:38:36","slug":"a-cantora-e-compositora-argentina-analia-garcetti-apresenta-o-resultado-de-sua-residencia-compositiva-junto-aos-artistas-brasileiros-manu-saggioro-e-murilo-silvestrim","status":"publish","type":"post","link":"http:\/\/staging.ibermusicas.org\/index.php\/a-cantora-e-compositora-argentina-analia-garcetti-apresenta-o-resultado-de-sua-residencia-compositiva-junto-aos-artistas-brasileiros-manu-saggioro-e-murilo-silvestrim\/","title":{"rendered":"A cantora e compositora argentina Anal\u00eda Garcetti apresenta o resultado de sua resid\u00eancia compositiva junto aos artistas brasileiros Manu Saggioro e Murilo Silvestrim"},"content":{"rendered":"<p>O projeto de resid\u00eancia art\u00edstica A Trama Invis\u00edvel, foi realizado de forma virtual, entre abril e novembro de 2021. Dois compositores do Brasil, Manu Saggioro (Bauru- SP) e Murilo Silvestrim (Curitiba) junto \u00e0 compositora Anal\u00eda Garcetti, de Mendoza, Argentina, criaram can\u00e7\u00f5es tecendo os fios invis\u00edveis que os reconhecem como express\u00e3o de um mesmo continente: a magia da confian\u00e7a e do amor pela m\u00fasica. O resultado se trata de cinco can\u00e7\u00f5es que falam de paisagens exteriores e interiores, de costumes, de vida, de morte, dessa trama invis\u00edvel que nos conforma e nos conecta.<\/p>\n<p>Anal\u00eda Garcetti, nasceu em Mendoza, Argentina. Desde menina compartilhou a m\u00fasica em sua fam\u00edlia, chegando a formar um trio com suas irm\u00e3s Ada e Adriana, chamado Vocal Tr\u00eda. A partir do ano 2000 come\u00e7a a compor suas pr\u00f3prias can\u00e7\u00f5es. Formada pela Faculdade de Artes UNCuyo como Diretora Coral, trabalha em ensino de n\u00edvel m\u00e9dio e universit\u00e1rio, como professora de M\u00fasica. Tamb\u00e9m atuou na gest\u00e3o e produ\u00e7\u00e3o cultural e foi diretora do espa\u00e7o cooperativo cultural \u00abEl Ojo Azul\u00bb. Tem editados tr\u00eas discos \u00abCantos de Areia\u00bb, \u00ab12 Uvas\u00bb e \u00abL\u00fanica\u00bb com temas pr\u00f3prios nos quais manifesta seu amor pela m\u00fasica e a poesia e seu compromisso com a beleza. Participou em diversos festivais provinciais e nacionais e realizou tourn\u00e9es no Brasil e na Col\u00f4mbia.<\/p>\n<p>Manu Saggioro \u00e9 cantora, compositora e instrumentista natural de Ja\u00fa, vive entre Bauru e S\u00e3o Paulo. No caminho da m\u00fasica desde 2001, trilhou diferentes estradas ao longo destes 19 anos de carreira. Algumas literais. Em 2001, percorre 12 estados brasileiros de carona e com o viol\u00e3o nas costas. Viajando pelos sert\u00f5es e litorais, visita capitais, vilarejos, comunidades em busca das ra\u00edzes sonoras do Brasil. Em 2006, com a inten\u00e7\u00e3o de experimentar outros sabores musicais, visita nove pa\u00edses europeus tocando nas ruas, em pubs e pequenos festivais.<\/p>\n<p>Murilo Silvestrim \u00e9 natural de Maring\u00e1, mas criado em Curitiba desde crian\u00e7a. \u00c9 compositor apaixonado da can\u00e7\u00e3o de todas as coisas. Desenvolve um trabalho conjunto entre m\u00fasica, poesia e literatura. Busca, por meio desse trabalho, mergulhar na arte do dia-a-dia e abrandar suas inquieta\u00e7\u00f5es. Em 2018 circulou pelo Brasil fazendo shows pelo circuito Dand\u00f4 e lan\u00e7ou seu primeiro livro chamado Viagem ao in\u00edcio das coisas. Trabalha como instrumentista, cantor, compositor e arranjador se apresentando em diversos estados do pa\u00eds. No in\u00edcio de 2021 lan\u00e7ou o EP \u00abA \u00faltima luz acesa madrugada adentro\u00bb que fala sobre o per\u00edodo de isolamento ocasionado pela pandemia. Em julho lan\u00e7ou \u201cEncontrar\u201d, seu terceiro trabalho.<\/p>\n<p>V\u00eddeo de \u201cA primeira luz do d\u00eda\u201d:\u00a0<a href=\"https:\/\/lt.mydplr.com\/79714a62adab96c7078650b00deef045-81868bec073b3970fa62af291f12b42d\" target=\"_blank\" rel=\"noopener\" data-saferedirecturl=\"https:\/\/www.google.com\/url?hl=es&amp;q=https:\/\/lt.mydplr.com\/79714a62adab96c7078650b00deef045-81868bec073b3970fa62af291f12b42d&amp;source=gmail&amp;ust=1638897553093000&amp;usg=AOvVaw1U8VnNpNLrONB24y5ivtNj\">youtube.com<\/a><br \/>\nDocumentario:\u00a0<a href=\"https:\/\/lt.mydplr.com\/41bb95d4632b807a88b141867b352709-81868bec073b3970fa62af291f12b42d\" target=\"_blank\" rel=\"noopener\" data-saferedirecturl=\"https:\/\/www.google.com\/url?hl=es&amp;q=https:\/\/lt.mydplr.com\/41bb95d4632b807a88b141867b352709-81868bec073b3970fa62af291f12b42d&amp;source=gmail&amp;ust=1638897553093000&amp;usg=AOvVaw11s9KqDV7eK90cHJawaw4j\">youtube.com<\/a><br \/>\nEP completo em:\u00a0<a href=\"https:\/\/lt.mydplr.com\/21423e5a7c153bb76505c598b60571b8-81868bec073b3970fa62af291f12b42d\" target=\"_blank\" rel=\"noopener\" data-saferedirecturl=\"https:\/\/www.google.com\/url?hl=es&amp;q=https:\/\/lt.mydplr.com\/21423e5a7c153bb76505c598b60571b8-81868bec073b3970fa62af291f12b42d&amp;source=gmail&amp;ust=1638897553093000&amp;usg=AOvVaw28cx2C81tm863Rd5JT0bNi\">youtube.com<\/a><\/p>\n","protected":false},"excerpt":{"rendered":"<p>O projeto de resid\u00eancia art\u00edstica A Trama Invis\u00edvel, foi realizado de forma virtual, entre abril e novembro de 2021. Dois compositores do Brasil, Manu Saggioro (Bauru- SP) e Murilo Silvestrim (Curitiba) junto \u00e0 compositora Anal\u00eda Garcetti, de Mendoza, Argentina, criaram can\u00e7\u00f5es tecendo os fios invis\u00edveis que os reconhecem como express\u00e3o de um mesmo continente: a [&hellip;]<\/p>\n","protected":false},"author":1,"featured_media":11049,"comment_status":"closed","ping_status":"closed","sticky":false,"template":"","format":"standard","meta":{"footnotes":""},"categories":[218],"tags":[],"class_list":["post-11051","post","type-post","status-publish","format-standard","has-post-thumbnail","hentry","category-noticias-generales-pt"],"lang":"pt","translations":{"pt":11051,"es":11048},"pll_sync_post":[],"post_mailing_queue_ids":[],"_links":{"self":[{"href":"http:\/\/staging.ibermusicas.org\/index.php\/wp-json\/wp\/v2\/posts\/11051","targetHints":{"allow":["GET"]}}],"collection":[{"href":"http:\/\/staging.ibermusicas.org\/index.php\/wp-json\/wp\/v2\/posts"}],"about":[{"href":"http:\/\/staging.ibermusicas.org\/index.php\/wp-json\/wp\/v2\/types\/post"}],"author":[{"embeddable":true,"href":"http:\/\/staging.ibermusicas.org\/index.php\/wp-json\/wp\/v2\/users\/1"}],"replies":[{"embeddable":true,"href":"http:\/\/staging.ibermusicas.org\/index.php\/wp-json\/wp\/v2\/comments?post=11051"}],"version-history":[{"count":1,"href":"http:\/\/staging.ibermusicas.org\/index.php\/wp-json\/wp\/v2\/posts\/11051\/revisions"}],"predecessor-version":[{"id":11052,"href":"http:\/\/staging.ibermusicas.org\/index.php\/wp-json\/wp\/v2\/posts\/11051\/revisions\/11052"}],"wp:featuredmedia":[{"embeddable":true,"href":"http:\/\/staging.ibermusicas.org\/index.php\/wp-json\/wp\/v2\/media\/11049"}],"wp:attachment":[{"href":"http:\/\/staging.ibermusicas.org\/index.php\/wp-json\/wp\/v2\/media?parent=11051"}],"wp:term":[{"taxonomy":"category","embeddable":true,"href":"http:\/\/staging.ibermusicas.org\/index.php\/wp-json\/wp\/v2\/categories?post=11051"},{"taxonomy":"post_tag","embeddable":true,"href":"http:\/\/staging.ibermusicas.org\/index.php\/wp-json\/wp\/v2\/tags?post=11051"}],"curies":[{"name":"wp","href":"https:\/\/api.w.org\/{rel}","templated":true}]}}