{"id":11056,"date":"2021-12-06T17:41:45","date_gmt":"2021-12-06T17:41:45","guid":{"rendered":"http:\/\/staging.ibermusicas.org\/?p=11056"},"modified":"2021-12-06T17:41:45","modified_gmt":"2021-12-06T17:41:45","slug":"o-compositor-colombiano-juan-pablo-carreno-estreia-na-franca-uma-de-suas-duas-obras-compostas-durante-sua-residencia-criativa-ibermusicas","status":"publish","type":"post","link":"http:\/\/staging.ibermusicas.org\/index.php\/o-compositor-colombiano-juan-pablo-carreno-estreia-na-franca-uma-de-suas-duas-obras-compostas-durante-sua-residencia-criativa-ibermusicas\/","title":{"rendered":"O compositor colombiano Juan Pablo Carre\u00f1o estreia na Fran\u00e7a uma de suas duas obras compostas durante sua resid\u00eancia criativa Iberm\u00fasicas"},"content":{"rendered":"<p>Na Maison de la Musique et de la Danse de Bagneaux ter\u00e1 lugar a estreia da obra criada pelo compositor colombiano Juan Pablo Carre\u00f1o especialmente para XAMP, o duo franc\u00eas de acorde\u00f5es microtonais.<\/p>\n<p>Formado na Col\u00f4mbia, Estados Unidos e Fran\u00e7a, Juan Pablo Carre\u00f1o estudou composi\u00e7\u00e3o na Universidade Javeriana de Bogot\u00e1 com Guillermo Gaviria e Harold V\u00e1squez, onde se formou em 2003. Nesse mesmo ano recebeu uma bolsa da Universidade Internacional da Fl\u00f3rida nos Estados Unidos, onde realizou um Mestrado com Orlando Jacinto Garc\u00eda, e trabalhou como professor de teoria e composi\u00e7\u00e3o. Ao chegar a Paris, participou da classe de composi\u00e7\u00e3o de Jean-Luc Herv\u00e9 no Conservat\u00f3rio de Nanterre. Formado no Conservat\u00f3rio de Paris em 2010, continuo seus estudos de composi\u00e7\u00e3o na classe de G\u00e9rard Pesson. Participou da Academia da Fran\u00e7a em Roma (Villa Medici) entre os anos 2011-2013, tamb\u00e9m foi selecionado em Nova York para trabalhar em 2012 como compositor residente do International Contemporary Ensemble no programa ICELab. Em 2006 ganhou o pr\u00eamio do programa de resid\u00eancias art\u00edsticas do Minist\u00e9rio da Cultura da Col\u00f4mbia e do Fonca do M\u00e9xico. Em 2008 participou no curso de composi\u00e7\u00e3o de Salvatore Sciarrino no centro de Acanthes. Em 2010, \u00e9 convidado como compositor em resid\u00eancia do Festival Musique sur ciel, na regi\u00e3o do Tarn na Fran\u00e7a, festival que lhe encomenda a obra Golpe no diafragma. Em 2011, foi convidado como artista residente no Centro Intermondes em La Rochelle. Sua m\u00fasica foi interpretada em v\u00e1rios pa\u00edses das Am\u00e9ricas e da Europa por conjuntos como o Ensemble Intercontemporain (EIC), o International Contemporary Ensemble (ICE), o quarteto Tana ou Le Balcon.<\/p>\n<p>O duo XAMP \u00e9 composto pelos acordeonistas Fanny Vicens e Jean-Etienne Sotty. Trata-se de um projeto musicalmente inclassific\u00e1vel e artisticamente indom\u00e1vel em constante busca de novas sonoridades, seja junto aos compositores de seu tempo, seja revisitando as m\u00fasicas do passado que sempre consegue entusiasmar e surpreender seus ouvintes. Cruzam seu trabalho com outras artes: dan\u00e7a, artes visuais e performance.<\/p>\n<p>Domingo 19 de dezembro, na Maison de la Musique et de la Danse de Bagneaux<\/p>\n","protected":false},"excerpt":{"rendered":"<p>Na Maison de la Musique et de la Danse de Bagneaux ter\u00e1 lugar a estreia da obra criada pelo compositor colombiano Juan Pablo Carre\u00f1o especialmente para XAMP, o duo franc\u00eas de acorde\u00f5es microtonais. Formado na Col\u00f4mbia, Estados Unidos e Fran\u00e7a, Juan Pablo Carre\u00f1o estudou composi\u00e7\u00e3o na Universidade Javeriana de Bogot\u00e1 com Guillermo Gaviria e Harold [&hellip;]<\/p>\n","protected":false},"author":1,"featured_media":11054,"comment_status":"closed","ping_status":"closed","sticky":false,"template":"","format":"standard","meta":{"footnotes":""},"categories":[218],"tags":[],"class_list":["post-11056","post","type-post","status-publish","format-standard","has-post-thumbnail","hentry","category-noticias-generales-pt"],"lang":"pt","translations":{"pt":11056,"es":11053},"pll_sync_post":[],"post_mailing_queue_ids":[],"_links":{"self":[{"href":"http:\/\/staging.ibermusicas.org\/index.php\/wp-json\/wp\/v2\/posts\/11056","targetHints":{"allow":["GET"]}}],"collection":[{"href":"http:\/\/staging.ibermusicas.org\/index.php\/wp-json\/wp\/v2\/posts"}],"about":[{"href":"http:\/\/staging.ibermusicas.org\/index.php\/wp-json\/wp\/v2\/types\/post"}],"author":[{"embeddable":true,"href":"http:\/\/staging.ibermusicas.org\/index.php\/wp-json\/wp\/v2\/users\/1"}],"replies":[{"embeddable":true,"href":"http:\/\/staging.ibermusicas.org\/index.php\/wp-json\/wp\/v2\/comments?post=11056"}],"version-history":[{"count":1,"href":"http:\/\/staging.ibermusicas.org\/index.php\/wp-json\/wp\/v2\/posts\/11056\/revisions"}],"predecessor-version":[{"id":11057,"href":"http:\/\/staging.ibermusicas.org\/index.php\/wp-json\/wp\/v2\/posts\/11056\/revisions\/11057"}],"wp:featuredmedia":[{"embeddable":true,"href":"http:\/\/staging.ibermusicas.org\/index.php\/wp-json\/wp\/v2\/media\/11054"}],"wp:attachment":[{"href":"http:\/\/staging.ibermusicas.org\/index.php\/wp-json\/wp\/v2\/media?parent=11056"}],"wp:term":[{"taxonomy":"category","embeddable":true,"href":"http:\/\/staging.ibermusicas.org\/index.php\/wp-json\/wp\/v2\/categories?post=11056"},{"taxonomy":"post_tag","embeddable":true,"href":"http:\/\/staging.ibermusicas.org\/index.php\/wp-json\/wp\/v2\/tags?post=11056"}],"curies":[{"name":"wp","href":"https:\/\/api.w.org\/{rel}","templated":true}]}}