{"id":11058,"date":"2021-12-06T17:43:21","date_gmt":"2021-12-06T17:43:21","guid":{"rendered":"http:\/\/staging.ibermusicas.org\/?p=11058"},"modified":"2022-02-07T17:49:26","modified_gmt":"2022-02-07T17:49:26","slug":"la-agrupacion-argentina-cuarteto-de-saxos-4mil-sera-parte-de-la-iv-jornada-internacionalde-saxofon-de-la-universidad-academia-de-humanismo-cristiano-de-chile","status":"publish","type":"post","link":"http:\/\/staging.ibermusicas.org\/index.php\/la-agrupacion-argentina-cuarteto-de-saxos-4mil-sera-parte-de-la-iv-jornada-internacionalde-saxofon-de-la-universidad-academia-de-humanismo-cristiano-de-chile\/","title":{"rendered":"La agrupaci\u00f3n argentina Cuarteto de Saxos 4mil ser\u00e1 parte de la IV Jornada Internacionalde Saxof\u00f3n de la Universidad Academia de Humanismo Cristiano de Chile"},"content":{"rendered":"<p>Con un concierto y una conferencia el Cuarteto de Saxos 4mil participar\u00e1 de la Jornada Internacional de Saxof\u00f3n organizada por la Universidad Academia de Humanismo Cristiano de Chile.<\/p>\n<p>Este cuarteto de saxofonistas argentinos se conforma en el a\u00f1o 2005 y desde entonces ininterrumpidamente, se ha dedicado a la divulgaci\u00f3n del repertorio existente para cuarteto de saxos a la vez que incentivan a compositores a escribir para esta formaci\u00f3n. Su intenso trabajo ha dado como fruto la producci\u00f3n de dos trabajos discogr\u00e1ficos dedicados a la m\u00fasica argentina.<\/p>\n<p>El concierto que brindar\u00e1 el cuarteto de saxofones 4mil de forma virtual estar\u00e1 conformado enteramente por obras de compositores argentinos y ser\u00e1 el disparador de este encuentro. Para este concierto 4mil invitar\u00e1 a participar a grandes int\u00e9rpretes del pa\u00eds e incluye otros instrumentos de la familia de vientos, adem\u00e1s de instrumentos de percusi\u00f3n y de cuerdas.<\/p>\n<p>4 mil presentar\u00e1 un programa integrado por dos obras para cuarteto de saxos: Divertimento de Cecilia In\u00e9s Fiorentino y Acerca del Agua de Aitana Kasulin;una obra para arpa y cuarteto de saxos: TroisVisionsTantriquesde Carlos Mich\u00e1ns y una obra para ensamble de vientos y percusi\u00f3n: Yegua de Guillermo Schiavi Gon(estreno). En la obra de Carlos Mich\u00e1ns para arpa y cuarteto de saxos participar\u00e1 Lucrecia Jancsa en arpa y en la obra de Schiavi Gon se sumar\u00e1 \u201cTorre 7\u201d, ensamble de vientos integrado por Amalia Del Giudice en clarinete, Raquel Dottori en oboe, Rodolfo Bertolini en clarinete bajo, Abner Silva en fagot e Isa\u00edas Gad\u00e1n en percusi\u00f3n.<\/p>\n<p>14 de diciembre 16:00hs. Conferencia<br \/>\n15 de diciembre 19:00hs. Concierto<\/p>\n","protected":false},"excerpt":{"rendered":"<p>Con un concierto y una conferencia el Cuarteto de Saxos 4mil participar\u00e1 de la Jornada Internacional de Saxof\u00f3n organizada por la Universidad Academia de Humanismo Cristiano de Chile. Este cuarteto de saxofonistas argentinos se conforma en el a\u00f1o 2005 y desde entonces ininterrumpidamente, se ha dedicado a la divulgaci\u00f3n del repertorio existente para cuarteto de [&hellip;]<\/p>\n","protected":false},"author":1,"featured_media":11059,"comment_status":"closed","ping_status":"closed","sticky":false,"template":"","format":"standard","meta":{"footnotes":""},"categories":[53],"tags":[],"class_list":["post-11058","post","type-post","status-publish","format-standard","has-post-thumbnail","hentry","category-noticias-generales"],"lang":"es","translations":{"es":11058,"pt":11061},"pll_sync_post":[],"post_mailing_queue_ids":[],"_links":{"self":[{"href":"http:\/\/staging.ibermusicas.org\/index.php\/wp-json\/wp\/v2\/posts\/11058","targetHints":{"allow":["GET"]}}],"collection":[{"href":"http:\/\/staging.ibermusicas.org\/index.php\/wp-json\/wp\/v2\/posts"}],"about":[{"href":"http:\/\/staging.ibermusicas.org\/index.php\/wp-json\/wp\/v2\/types\/post"}],"author":[{"embeddable":true,"href":"http:\/\/staging.ibermusicas.org\/index.php\/wp-json\/wp\/v2\/users\/1"}],"replies":[{"embeddable":true,"href":"http:\/\/staging.ibermusicas.org\/index.php\/wp-json\/wp\/v2\/comments?post=11058"}],"version-history":[{"count":1,"href":"http:\/\/staging.ibermusicas.org\/index.php\/wp-json\/wp\/v2\/posts\/11058\/revisions"}],"predecessor-version":[{"id":11060,"href":"http:\/\/staging.ibermusicas.org\/index.php\/wp-json\/wp\/v2\/posts\/11058\/revisions\/11060"}],"wp:featuredmedia":[{"embeddable":true,"href":"http:\/\/staging.ibermusicas.org\/index.php\/wp-json\/wp\/v2\/media\/11059"}],"wp:attachment":[{"href":"http:\/\/staging.ibermusicas.org\/index.php\/wp-json\/wp\/v2\/media?parent=11058"}],"wp:term":[{"taxonomy":"category","embeddable":true,"href":"http:\/\/staging.ibermusicas.org\/index.php\/wp-json\/wp\/v2\/categories?post=11058"},{"taxonomy":"post_tag","embeddable":true,"href":"http:\/\/staging.ibermusicas.org\/index.php\/wp-json\/wp\/v2\/tags?post=11058"}],"curies":[{"name":"wp","href":"https:\/\/api.w.org\/{rel}","templated":true}]}}