{"id":11061,"date":"2021-12-06T17:44:20","date_gmt":"2021-12-06T17:44:20","guid":{"rendered":"http:\/\/staging.ibermusicas.org\/?p=11061"},"modified":"2022-02-07T17:50:09","modified_gmt":"2022-02-07T17:50:09","slug":"a-organizacao-argentina-cuarteto-de-saxos-4mil-fara-parte-da-iv-jornada-internacional-de-saxofone-da-universidade-academia-de-humanismo-cristao-do-chile","status":"publish","type":"post","link":"http:\/\/staging.ibermusicas.org\/index.php\/a-organizacao-argentina-cuarteto-de-saxos-4mil-fara-parte-da-iv-jornada-internacional-de-saxofone-da-universidade-academia-de-humanismo-cristao-do-chile\/","title":{"rendered":"A organiza\u00e7\u00e3o argentina Cuarteto de Saxos 4mil far\u00e1 parte da IV Jornada Internacional de Saxofone da Universidade Academia de Humanismo Crist\u00e3o do Chile"},"content":{"rendered":"<p>Com um concerto e uma confer\u00eancia o Quarteto de Saxos 4mil participar\u00e1 da Jornada Internacional de Saxofone organizada pela Universidade Academia de Humanismo Crist\u00e3o do Chile.<\/p>\n<p>Este quarteto de saxofonistas argentinos se conforma no ano 2005 e desde ent\u00e3o ininterruptamente, tem se dedicado \u00e0 divulga\u00e7\u00e3o do repert\u00f3rio existente para quarteto de saxos ao mesmo tempo que incentivam compositores a escrever para esta forma\u00e7\u00e3o. Seu intenso trabalho deu como fruto a produ\u00e7\u00e3o de dois trabalhos discogr\u00e1ficos dedicados \u00e0 m\u00fasica argentina.<\/p>\n<p>O concerto que o quarteto de saxofones 4mil ir\u00e1 oferecer virtualmente ser\u00e1 inteiramente composto por obras de compositores argentinos e ser\u00e1 o gatilho para este encontro. Para este concerto 4mil convidar\u00e1 a participar grandes int\u00e9rpretes do pa\u00eds e inclui outros instrumentos da fam\u00edlia de ventos, al\u00e9m de instrumentos de percuss\u00e3o e de cordas.<\/p>\n<p>4 mil apresentar\u00e1 um programa integrado por duas obras para quarteto de sax: Divertimento de Cecilia In\u00e9s Fiorentino e Sobre a \u00c1gua de Aitana Kasulin; uma obra para harpa e quarteto de sax: Trois Visions Tantriques de Carlos Mich\u00e1ns y una obra para ensamble de vientos y percusi\u00f3n: Yegua de Guillermo Schiavi Gon (estreno). Na obra de Carlos Mich\u00e1ns participar\u00e1 Lucrecia Jancsa em harpa e na obra de Schiavi Gon se somar\u00e1 \u00abTorre 7\u00bb, conjunto de ventos integrado por Amalia Del Giudice em clarinete, Raquel Dottori em obo\u00e9, Rodolfo Bertolini em clarinete baixo, Abner Silva em fagote e Isa\u00edas Gad\u00e3 em percuss\u00e3o.<\/p>\n<p>14 de dezembro 16:00 hs. Confer\u00eancia<br \/>\n15 de dezembro 19:00 hs. Concerto<\/p>\n","protected":false},"excerpt":{"rendered":"<p>Com um concerto e uma confer\u00eancia o Quarteto de Saxos 4mil participar\u00e1 da Jornada Internacional de Saxofone organizada pela Universidade Academia de Humanismo Crist\u00e3o do Chile. Este quarteto de saxofonistas argentinos se conforma no ano 2005 e desde ent\u00e3o ininterruptamente, tem se dedicado \u00e0 divulga\u00e7\u00e3o do repert\u00f3rio existente para quarteto de saxos ao mesmo tempo [&hellip;]<\/p>\n","protected":false},"author":1,"featured_media":11059,"comment_status":"closed","ping_status":"closed","sticky":false,"template":"","format":"standard","meta":{"footnotes":""},"categories":[218],"tags":[],"class_list":["post-11061","post","type-post","status-publish","format-standard","has-post-thumbnail","hentry","category-noticias-generales-pt"],"lang":"pt","translations":{"pt":11061,"es":11058},"pll_sync_post":[],"post_mailing_queue_ids":[],"_links":{"self":[{"href":"http:\/\/staging.ibermusicas.org\/index.php\/wp-json\/wp\/v2\/posts\/11061","targetHints":{"allow":["GET"]}}],"collection":[{"href":"http:\/\/staging.ibermusicas.org\/index.php\/wp-json\/wp\/v2\/posts"}],"about":[{"href":"http:\/\/staging.ibermusicas.org\/index.php\/wp-json\/wp\/v2\/types\/post"}],"author":[{"embeddable":true,"href":"http:\/\/staging.ibermusicas.org\/index.php\/wp-json\/wp\/v2\/users\/1"}],"replies":[{"embeddable":true,"href":"http:\/\/staging.ibermusicas.org\/index.php\/wp-json\/wp\/v2\/comments?post=11061"}],"version-history":[{"count":1,"href":"http:\/\/staging.ibermusicas.org\/index.php\/wp-json\/wp\/v2\/posts\/11061\/revisions"}],"predecessor-version":[{"id":11062,"href":"http:\/\/staging.ibermusicas.org\/index.php\/wp-json\/wp\/v2\/posts\/11061\/revisions\/11062"}],"wp:featuredmedia":[{"embeddable":true,"href":"http:\/\/staging.ibermusicas.org\/index.php\/wp-json\/wp\/v2\/media\/11059"}],"wp:attachment":[{"href":"http:\/\/staging.ibermusicas.org\/index.php\/wp-json\/wp\/v2\/media?parent=11061"}],"wp:term":[{"taxonomy":"category","embeddable":true,"href":"http:\/\/staging.ibermusicas.org\/index.php\/wp-json\/wp\/v2\/categories?post=11061"},{"taxonomy":"post_tag","embeddable":true,"href":"http:\/\/staging.ibermusicas.org\/index.php\/wp-json\/wp\/v2\/tags?post=11061"}],"curies":[{"name":"wp","href":"https:\/\/api.w.org\/{rel}","templated":true}]}}