{"id":11063,"date":"2021-12-06T17:46:01","date_gmt":"2021-12-06T17:46:01","guid":{"rendered":"http:\/\/staging.ibermusicas.org\/?p=11063"},"modified":"2021-12-06T17:46:01","modified_gmt":"2021-12-06T17:46:01","slug":"la-compositora-argentina-rocio-cano-valino-estrena-su-obra-atropos-en-barcelona-espana","status":"publish","type":"post","link":"http:\/\/staging.ibermusicas.org\/index.php\/la-compositora-argentina-rocio-cano-valino-estrena-su-obra-atropos-en-barcelona-espana\/","title":{"rendered":"La compositora Argentina Roc\u00edo Cano Vali\u00f1o estrena su obra \u00c1tropos en Barcelona, Espa\u00f1a"},"content":{"rendered":"<p>El 1ero de diciembre tuvo lugar el estreno de la obra \u201c\u00c1tropos\u201d (para saxof\u00f3n, percusi\u00f3n y electr\u00f3nica) compuesta por Roc\u00edo Cano Vali\u00f1o durante su residencia con el D\u00fao Parcours.<\/p>\n<p>Roci\u0301o Cano Vali\u00f1o naci\u00f3 en la Ciudad de Buenos Aires, Argentina. Es compositora y Lic. en Dise\u00f1o de Interiores. Estudi\u00f3 composici\u00f3n con Demian Rudel Rey.Actualmente, realiza una Licenciatura en Composici\u00f3n Contempor\u00e1nea en el Conservatoire National Sup\u00e9rieur Musique et Danse de Lyon, con Fran\u00e7ois Roux, Martin Matalon y Luca Antignani.<br \/>\nEstudi\u00f3 composici\u00f3n electroac\u00fastica con St\u00e9phane Borrel en el Conservatoire \u00e0 RayonnementR\u00e9gional de Lyon donde ha obtenido su Diploma de Estudios Musicales con una menci\u00f3n de \u00abTr\u00e8s bien \u00e0 l&#8217;unanimit\u00e9avecf\u00e9licitations du jury\u00bb. La producci\u00f3n musical de Roc\u00edo est\u00e1 dedicada a piezas instrumentales, mixtas y electroac\u00fasticas. Sus composiciones han sido seleccionadas e interpretadas en varios festivales de todo el mundo, como el Festival Mixtur, C\u00edrculos CEMI, Klingtgut, Festival MA\/IN, FILE, Phas.e, SIME, Festival Z\u00e9ppelin.<\/p>\n<p>E d\u00fao Parcours nace de la voluntad de crear una propuesta art\u00edstica con un marcado car\u00e1cter expresivo e innovador. Centrado principalmente en el \u00e1mbito de las m\u00fasicas de nueva creaci\u00f3n, Parcours se caracteriza por el trabajo conjunto con creadoras de cualquier disciplina para ampliar los horizontes de su pr\u00e1ctica art\u00edstica. Parcours est\u00e1 formado por Miquel Vich Vila (percusi\u00f3n) y Helena Otero Correa (saxo). Recientemente han grabado su primer trabajo discogr\u00e1fico \u00abnuevas tradiciones\u00bb con el apoyo del Instituto Valenciano de Cultura.<\/p>\n<p>Este concierto pretende mostrar no s\u00f3lo el trabajo realizado por el d\u00fao durante los \u00faltimos a\u00f1os, sino que tambi\u00e9n busca reflejar su raz\u00f3n de ser: Parcours busca colaborar con las nuevas generaciones de compositores y compositoras, difundir la m\u00fasica de nuestros d\u00edas a trav\u00e9s de conciertos con explicaciones y ofrecer nuevos formatos de concierto para generar nuevas experiencias. El programa se completa con otras obras encargadas y estrenadas anteriormente por esta formaci\u00f3n, as\u00ed como una transcripci\u00f3n propia de Hyxos de Scielsi.<\/p>\n<p>Mi\u00e9rcoles 1ero de diciembre 19:15 hs. Sal\u00f3 del Teatre Principal de Sabadell, Barcelona, Espa\u00f1a.<\/p>\n","protected":false},"excerpt":{"rendered":"<p>El 1ero de diciembre tuvo lugar el estreno de la obra \u201c\u00c1tropos\u201d (para saxof\u00f3n, percusi\u00f3n y electr\u00f3nica) compuesta por Roc\u00edo Cano Vali\u00f1o durante su residencia con el D\u00fao Parcours. Roci\u0301o Cano Vali\u00f1o naci\u00f3 en la Ciudad de Buenos Aires, Argentina. Es compositora y Lic. en Dise\u00f1o de Interiores. Estudi\u00f3 composici\u00f3n con Demian Rudel Rey.Actualmente, realiza [&hellip;]<\/p>\n","protected":false},"author":1,"featured_media":11064,"comment_status":"closed","ping_status":"closed","sticky":false,"template":"","format":"standard","meta":{"footnotes":""},"categories":[53],"tags":[],"class_list":["post-11063","post","type-post","status-publish","format-standard","has-post-thumbnail","hentry","category-noticias-generales"],"lang":"es","translations":{"es":11063,"pt":11066},"pll_sync_post":[],"post_mailing_queue_ids":[],"_links":{"self":[{"href":"http:\/\/staging.ibermusicas.org\/index.php\/wp-json\/wp\/v2\/posts\/11063","targetHints":{"allow":["GET"]}}],"collection":[{"href":"http:\/\/staging.ibermusicas.org\/index.php\/wp-json\/wp\/v2\/posts"}],"about":[{"href":"http:\/\/staging.ibermusicas.org\/index.php\/wp-json\/wp\/v2\/types\/post"}],"author":[{"embeddable":true,"href":"http:\/\/staging.ibermusicas.org\/index.php\/wp-json\/wp\/v2\/users\/1"}],"replies":[{"embeddable":true,"href":"http:\/\/staging.ibermusicas.org\/index.php\/wp-json\/wp\/v2\/comments?post=11063"}],"version-history":[{"count":1,"href":"http:\/\/staging.ibermusicas.org\/index.php\/wp-json\/wp\/v2\/posts\/11063\/revisions"}],"predecessor-version":[{"id":11065,"href":"http:\/\/staging.ibermusicas.org\/index.php\/wp-json\/wp\/v2\/posts\/11063\/revisions\/11065"}],"wp:featuredmedia":[{"embeddable":true,"href":"http:\/\/staging.ibermusicas.org\/index.php\/wp-json\/wp\/v2\/media\/11064"}],"wp:attachment":[{"href":"http:\/\/staging.ibermusicas.org\/index.php\/wp-json\/wp\/v2\/media?parent=11063"}],"wp:term":[{"taxonomy":"category","embeddable":true,"href":"http:\/\/staging.ibermusicas.org\/index.php\/wp-json\/wp\/v2\/categories?post=11063"},{"taxonomy":"post_tag","embeddable":true,"href":"http:\/\/staging.ibermusicas.org\/index.php\/wp-json\/wp\/v2\/tags?post=11063"}],"curies":[{"name":"wp","href":"https:\/\/api.w.org\/{rel}","templated":true}]}}