{"id":11066,"date":"2021-12-06T17:46:56","date_gmt":"2021-12-06T17:46:56","guid":{"rendered":"http:\/\/staging.ibermusicas.org\/?p=11066"},"modified":"2022-10-27T19:39:39","modified_gmt":"2022-10-27T19:39:39","slug":"a-compositora-argentina-rocio-cano-valino-estreia-sua-obra-atropos-em-barcelona-espanha","status":"publish","type":"post","link":"http:\/\/staging.ibermusicas.org\/index.php\/a-compositora-argentina-rocio-cano-valino-estreia-sua-obra-atropos-em-barcelona-espanha\/","title":{"rendered":"A compositora Argentina Roc\u00edo Cano Vali\u00f1o estreia sua obra \u00c1tropos em Barcelona, Espanha"},"content":{"rendered":"<p>No dia 1\u00ba de dezembro ter\u00e1 lugar a estr\u00e9ia da obra \u00ab\u00c1tropos\u00bb (para saxofone, percuss\u00e3o e eletr\u00f4nica) composta por Roc\u00edo Cano Vali\u00f1o durante sua resid\u00eancia com o Duo Parcours.<\/p>\n<p>Roc\u00edo Cano Vali\u00f1o nasceu na Cidade de Buenos Aires, Argentina. \u00c9 compositora e Lic. em Design de Interiores. Estudou composi\u00e7\u00e3o com Demian Rudel Rey. Atualmente est\u00e1 cursando um bachareladoem Composi\u00e7\u00e3o Contempor\u00e2nea no Conservatoire National Sup\u00e9rieur Musique et Danse de Lyon, com Fran\u00e7ois Roux, Martin Matalon e Luca Antignani. Estudou composi\u00e7\u00e3o electroac\u00fastica com St\u00e9phane Borrel no Conservatoire \u00e0 Rayonnement R\u00e9gional de Lyon, onde obteve o seu Diploma de Estudos Musicais com uma men\u00e7\u00e3o de \u00abTr\u00e8s bien \u00e0 l&#8217;unanimit\u00e9 avef\u00e9c licitations du Jury\u00bb. A produ\u00e7\u00e3o musical de Roc\u00edo \u00e9 dedicada a pe\u00e7as instrumentais, mistas e eletroac\u00fasticas. Suas composi\u00e7\u00f5es foram selecionadas e interpretadas em v\u00e1rios festivais de todo o mundo, como o Festival Mixtur, C\u00edrculos CEMI, Klingt gut, Festival MA\/IN, FILE, Phas. E, SIME, Festival Z\u00e9ppelin.<\/p>\n<p>A dupla Parcours nasce da vontade de criar uma proposta art\u00edstica com um marcado car\u00e1ter expressivo e inovador. Centrado principalmente no \u00e2mbito das m\u00fasicas de nova cria\u00e7\u00e3o, Parcours caracteriza-se pelo trabalho conjunto com criadoras de qualquer disciplina para ampliar os horizontes da sua pr\u00e1tica art\u00edstica. Parcours \u00e9 formado por Miquel Vich Vila (percuss\u00e3o) e Helena Otero Correa (sax). Recentemente gravaram seu primeiro trabalho discogr\u00e1fico \u00abnovas tradi\u00e7\u00f5es\u00bb com o apoio do Instituto Valenciano de Cultura.<\/p>\n<p>Este concerto pretende mostrar n\u00e3o s\u00f3 o trabalho realizado pelo duo durante os \u00faltimos anos, mas tamb\u00e9m que busca refletir sua raz\u00e3o de ser: Parcours busca colaborar com as novas gera\u00e7\u00f5es de compositores e compositoras, difundir a m\u00fasica dos nossos dias atrav\u00e9s de concertos com explica\u00e7\u00f5es e oferecer novos formatos de concerto para gerar novas experi\u00eancias. O programa se completa com outras obras encomendadas e estreadas anteriormente por esta forma\u00e7\u00e3o, bem como uma transcri\u00e7\u00e3o pr\u00f3pria de Hyxos de Scielsi.<\/p>\n<p>Quarta-feira 1 de dezembro 19:15 hs. Saiu do Teatro Principal de Sabadell, Barcelona, Espanha.<\/p>\n","protected":false},"excerpt":{"rendered":"<p>No dia 1\u00ba de dezembro ter\u00e1 lugar a estr\u00e9ia da obra \u00ab\u00c1tropos\u00bb (para saxofone, percuss\u00e3o e eletr\u00f4nica) composta por Roc\u00edo Cano Vali\u00f1o durante sua resid\u00eancia com o Duo Parcours. Roc\u00edo Cano Vali\u00f1o nasceu na Cidade de Buenos Aires, Argentina. \u00c9 compositora e Lic. em Design de Interiores. Estudou composi\u00e7\u00e3o com Demian Rudel Rey. Atualmente est\u00e1 [&hellip;]<\/p>\n","protected":false},"author":1,"featured_media":11064,"comment_status":"closed","ping_status":"closed","sticky":false,"template":"","format":"standard","meta":{"footnotes":""},"categories":[218],"tags":[],"class_list":["post-11066","post","type-post","status-publish","format-standard","has-post-thumbnail","hentry","category-noticias-generales-pt"],"lang":"pt","translations":{"pt":11066,"es":11063},"pll_sync_post":[],"post_mailing_queue_ids":[],"_links":{"self":[{"href":"http:\/\/staging.ibermusicas.org\/index.php\/wp-json\/wp\/v2\/posts\/11066","targetHints":{"allow":["GET"]}}],"collection":[{"href":"http:\/\/staging.ibermusicas.org\/index.php\/wp-json\/wp\/v2\/posts"}],"about":[{"href":"http:\/\/staging.ibermusicas.org\/index.php\/wp-json\/wp\/v2\/types\/post"}],"author":[{"embeddable":true,"href":"http:\/\/staging.ibermusicas.org\/index.php\/wp-json\/wp\/v2\/users\/1"}],"replies":[{"embeddable":true,"href":"http:\/\/staging.ibermusicas.org\/index.php\/wp-json\/wp\/v2\/comments?post=11066"}],"version-history":[{"count":1,"href":"http:\/\/staging.ibermusicas.org\/index.php\/wp-json\/wp\/v2\/posts\/11066\/revisions"}],"predecessor-version":[{"id":11067,"href":"http:\/\/staging.ibermusicas.org\/index.php\/wp-json\/wp\/v2\/posts\/11066\/revisions\/11067"}],"wp:featuredmedia":[{"embeddable":true,"href":"http:\/\/staging.ibermusicas.org\/index.php\/wp-json\/wp\/v2\/media\/11064"}],"wp:attachment":[{"href":"http:\/\/staging.ibermusicas.org\/index.php\/wp-json\/wp\/v2\/media?parent=11066"}],"wp:term":[{"taxonomy":"category","embeddable":true,"href":"http:\/\/staging.ibermusicas.org\/index.php\/wp-json\/wp\/v2\/categories?post=11066"},{"taxonomy":"post_tag","embeddable":true,"href":"http:\/\/staging.ibermusicas.org\/index.php\/wp-json\/wp\/v2\/tags?post=11066"}],"curies":[{"name":"wp","href":"https:\/\/api.w.org\/{rel}","templated":true}]}}